{"id":627,"date":"2018-11-26T23:50:47","date_gmt":"2018-11-26T23:50:47","guid":{"rendered":"http:\/\/elobservatorio.com.mx\/sera-mejor-que-gm-regrese-a-ohio-pronto-trump"},"modified":"2018-11-26T23:50:47","modified_gmt":"2018-11-26T23:50:47","slug":"sera-mejor-que-gm-regrese-a-ohio-pronto-trump","status":"publish","type":"post","link":"http:\/\/elobservatorio.com.mx\/?p=627","title":{"rendered":"Ser\u00e1 mejor que GM regrese a Ohio pronto: Trump"},"content":{"rendered":"<p><em>*Luego de que la empresa anunciara este lunes su plan de recorte de empleados y el cierre de algunas de sus f\u00e1bricas, Donald Trump dialog\u00f3 con Mary Barra, directora de GM, para que regrese a operar en el estado.<\/em><\/p>\n<p class=\"paragraph\" data-count=\"299\" data-wrap=\"53\">El presidente de Estados Unidos,\u00a0<strong>Donald Trump,<\/strong>\u00a0dijo que est\u00e1 presionando a\u00a0<strong>General Motors<\/strong>\u00a0para que vuelva a producir en Ohio luego del anuncio de la automotriz de que cerrar\u00e1 una f\u00e1brica en dicho estado como parte de su plan de recorte de empleados y del cierre de varias instalaciones en el mundo.<\/p>\n<p class=\"paragraph\" data-count=\"290\" data-wrap=\"50\">\u201cSer\u00e1 mejor que regrese all\u00ed pronto, a Ohio\u201d, dijo Trump a reporteros este lunes, relatando lo que le dijo a la directora general de GM,\u00a0<strong>Mary Barra<\/strong>, luego del\u00a0<a class=\"ef__link\" href=\"http:\/\/www.elfinanciero.com.mx\/empresas\/gm-reducira-produccion-de-autos-en-norteamerica-y-dejara-de-construir-algunos-modelos\" target=\"_blank\" rel=\"noopener\">anuncio de recortes<\/a>\u00a0este lunes. El fabricante de autos anunci\u00f3 que planea despedir a 14 mil trabajadores y cerrar\u00e1 siete f\u00e1bricas.<\/p>\n<p class=\"paragraph\" data-count=\"196\" data-wrap=\"31\">Entre las f\u00e1bricas que General Motors planea cerrar est\u00e1 la de Lordstown, Ohio, la cual produce el modelo\u00a0<strong>Chevrolet Cruze<\/strong>. Ohio es un campo de batalla pol\u00edtico para las elecciones presidenciales.<\/p>\n<p class=\"paragraph\" data-count=\"169\" data-wrap=\"29\">\u201cFui muy duro. Habl\u00e9 con ella (Mary Barra)\u201d, afirm\u00f3 Trump al salir de la Casa Blanca rumbo a los m\u00edtines de campa\u00f1a en Mississippi. \u201cTenemos mucha presi\u00f3n sobre ellos\u201d.<\/p>\n<p class=\"paragraph\" data-count=\"173\" data-wrap=\"32\">Trump dijo que no estaba impresionado con la explicaci\u00f3n de los funcionarios de GM sobre el cierre de la planta de Ohio, debido a la baja en ventas del modelo que fabrican.<\/p>\n<p class=\"paragraph\" data-count=\"202\" data-wrap=\"33\">\u201cDicen que el Chevy Cruze no est\u00e1 vendiendo bien\u201d, mencion\u00f3. \u201cYo dije: \u2018Bueno, entonces tomen un autom\u00f3vil que s\u00ed venda bien y vuelvan a producir\u2019. Entonces, creo que ver\u00e1n que algo suceder\u00e1\u201d, asegur\u00f3.<\/p>\n<p class=\"paragraph\" data-count=\"254\" data-wrap=\"45\">Cuatro f\u00e1bricas de Estados Unidos y una en Canad\u00e1 podr\u00edan ser clausuradas para finales de 2019 si el fabricante de autos y sus sindicatos no llegan a un acuerdo para asignar m\u00e1s trabajos a las instalaciones, seg\u00fan inform\u00f3 GM en un comunicado este lunes.<\/p>\n<p class=\"paragraph\" data-count=\"222\" data-wrap=\"37\">Otras dos f\u00e1bricas fuera de Estados Unidos cerrar\u00e1n tambi\u00e9n. Las acciones de la compa\u00f1\u00eda con sede en Detroit aumentaron tras darse a conocer plan, el cual incluye abandonar algunos de sus modelos sed\u00e1n de venta m\u00e1s lenta.<\/p>\n<p class=\"paragraph\" data-count=\"175\" data-wrap=\"28\">Barra ten\u00eda programado reunirse este lunes con<strong>\u00a0Larry Kudlow<\/strong>, consejero econ\u00f3mico de la Casa Blanca, despu\u00e9s del anuncio de GM, seg\u00fan inform\u00f3 un funcionario de la Casa Blanca.<\/p>\n<p class=\"paragraph\" data-count=\"173\" data-wrap=\"28\">La reuni\u00f3n fue planeada antes del anuncio de la empresa, dijo el funcionario. La persona pidi\u00f3 no ser identificada debido a que dicha reuni\u00f3n no fue anunciada p\u00fablicamente.<\/p>\n<p data-count=\"173\" data-wrap=\"28\"><em>Con informaci\u00f3n de El Financiero<\/em><\/p>\n","protected":false},"excerpt":{"rendered":"<p>*Luego de que la empresa anunciara este lunes su plan de recorte de empleados y el cierre de algunas de sus f\u00e1bricas, Donald Trump dialog\u00f3 con Mary Barra, directora de GM, para que regrese a operar en el estado. El presidente de Estados Unidos,\u00a0Donald Trump,\u00a0dijo que est\u00e1 presionando a\u00a0General Motors\u00a0para que vuelva a producir en&#8230;<\/p>\n","protected":false},"author":2,"featured_media":628,"comment_status":"open","ping_status":"open","sticky":false,"template":"","format":"standard","meta":{"footnotes":""},"categories":[17],"tags":[29,30,28],"class_list":["post-627","post","type-post","status-publish","format-standard","has-post-thumbnail","hentry","category-economia-y-negocios","tag-grid","tag-news","tag-slider"],"_links":{"self":[{"href":"http:\/\/elobservatorio.com.mx\/index.php?rest_route=\/wp\/v2\/posts\/627"}],"collection":[{"href":"http:\/\/elobservatorio.com.mx\/index.php?rest_route=\/wp\/v2\/posts"}],"about":[{"href":"http:\/\/elobservatorio.com.mx\/index.php?rest_route=\/wp\/v2\/types\/post"}],"author":[{"embeddable":true,"href":"http:\/\/elobservatorio.com.mx\/index.php?rest_route=\/wp\/v2\/users\/2"}],"replies":[{"embeddable":true,"href":"http:\/\/elobservatorio.com.mx\/index.php?rest_route=%2Fwp%2Fv2%2Fcomments&post=627"}],"version-history":[{"count":0,"href":"http:\/\/elobservatorio.com.mx\/index.php?rest_route=\/wp\/v2\/posts\/627\/revisions"}],"wp:featuredmedia":[{"embeddable":true,"href":"http:\/\/elobservatorio.com.mx\/index.php?rest_route=\/wp\/v2\/media\/628"}],"wp:attachment":[{"href":"http:\/\/elobservatorio.com.mx\/index.php?rest_route=%2Fwp%2Fv2%2Fmedia&parent=627"}],"wp:term":[{"taxonomy":"category","embeddable":true,"href":"http:\/\/elobservatorio.com.mx\/index.php?rest_route=%2Fwp%2Fv2%2Fcategories&post=627"},{"taxonomy":"post_tag","embeddable":true,"href":"http:\/\/elobservatorio.com.mx\/index.php?rest_route=%2Fwp%2Fv2%2Ftags&post=627"}],"curies":[{"name":"wp","href":"https:\/\/api.w.org\/{rel}","templated":true}]}}