{"id":6327,"date":"2019-07-25T02:33:14","date_gmt":"2019-07-25T02:33:14","guid":{"rendered":"http:\/\/elobservatorio.com.mx\/participara-futbolista-colimense-en-juego-panamericanos-de-lima-2019"},"modified":"2019-07-25T02:33:14","modified_gmt":"2019-07-25T02:33:14","slug":"participara-futbolista-colimense-en-juego-panamericanos-de-lima-2019","status":"publish","type":"post","link":"http:\/\/elobservatorio.com.mx\/?p=6327","title":{"rendered":"Participar\u00e1 futbolista colimense en Juego Panamericanos de Lima 2019"},"content":{"rendered":"<p class=\"x_MsoNormal\"><i>*El primer juego de la selecci\u00f3n mexicana de futbol ser\u00e1 el pr\u00f3ximo lunes 29 de julio<\/i><\/p>\n<p class=\"x_MsoNormal\">El seleccionado nacional colimense en futbol, Kevin Nahin \u00c1lvarez Campos, participar\u00e1 con la Selecci\u00f3n Mexicana de la categor\u00eda Sub22, en los Juegos Panamericanos de Lima Per\u00fa 2019, el pr\u00f3ximo lunes 29 de julio, inform\u00f3 la directora general del Instituto Colimense del Deporte, Ciria Salazar.<\/p>\n<p class=\"x_MsoNormal\">Detall\u00f3 que el futbolista, de 20 a\u00f1os de edad y originario de Villa de \u00c1lvarez, ser\u00e1 otro colimense m\u00e1s que forme parte de la delegaci\u00f3n mexicana que participar\u00e1 en los Juegos Panamericanos, que son parte del ciclo ol\u00edmpico de los deportistas del continente americano.<\/p>\n<p class=\"x_MsoNormal\">\u00a0 Indic\u00f3 que Kevin \u00c1lvarez, form\u00f3 parte del Club Pachuca desde los 11 a\u00f1os, cuando en una visoria en Colima fue convocado a formar parte de esta agrupaci\u00f3n de las m\u00e1s antiguas de M\u00e9xico, futbol\u00edsticamente hablando. \u00c1lvarez Campos tiene 10 a\u00f1os dentro del medio futbol\u00edstico.<\/p>\n<p class=\"x_MsoNormal\">Con respecto a la participaci\u00f3n de la Selecci\u00f3n de M\u00e9xico en los Juegos Panamericanos abrir\u00e1n contra Panam\u00e1, el lunes 29 de julio; el 1 de agosto se medir\u00e1 con Argentina y cerrar\u00e1 la Fase de Grupos, ante Ecuador el 4 de agosto. Las Semifinales se disputar\u00e1n el 7 de agosto y la Final el 10 del mismo mes.<\/p>\n<p class=\"x_MsoNormal\">Cabe destacar que el destacado futbolista particip\u00f3 recientemente con la Selecci\u00f3n Mexicana en la preparaci\u00f3n para el Mundial sub 20 en Polonia en el mes de marzo de este a\u00f1o. Actualmente milita con el equipo de Pachuca en la Liga MX del futbol mexicano.<\/p>\n","protected":false},"excerpt":{"rendered":"<p>*El primer juego de la selecci\u00f3n mexicana de futbol ser\u00e1 el pr\u00f3ximo lunes 29 de julio El seleccionado nacional colimense en futbol, Kevin Nahin \u00c1lvarez Campos, participar\u00e1 con la Selecci\u00f3n Mexicana de la categor\u00eda Sub22, en los Juegos Panamericanos de Lima Per\u00fa 2019, el pr\u00f3ximo lunes 29 de julio, inform\u00f3 la directora general del Instituto&#8230;<\/p>\n","protected":false},"author":2,"featured_media":6328,"comment_status":"open","ping_status":"open","sticky":false,"template":"","format":"standard","meta":{"footnotes":""},"categories":[21],"tags":[29,30,28],"class_list":["post-6327","post","type-post","status-publish","format-standard","has-post-thumbnail","hentry","category-deportes","tag-grid","tag-news","tag-slider"],"_links":{"self":[{"href":"http:\/\/elobservatorio.com.mx\/index.php?rest_route=\/wp\/v2\/posts\/6327"}],"collection":[{"href":"http:\/\/elobservatorio.com.mx\/index.php?rest_route=\/wp\/v2\/posts"}],"about":[{"href":"http:\/\/elobservatorio.com.mx\/index.php?rest_route=\/wp\/v2\/types\/post"}],"author":[{"embeddable":true,"href":"http:\/\/elobservatorio.com.mx\/index.php?rest_route=\/wp\/v2\/users\/2"}],"replies":[{"embeddable":true,"href":"http:\/\/elobservatorio.com.mx\/index.php?rest_route=%2Fwp%2Fv2%2Fcomments&post=6327"}],"version-history":[{"count":0,"href":"http:\/\/elobservatorio.com.mx\/index.php?rest_route=\/wp\/v2\/posts\/6327\/revisions"}],"wp:featuredmedia":[{"embeddable":true,"href":"http:\/\/elobservatorio.com.mx\/index.php?rest_route=\/wp\/v2\/media\/6328"}],"wp:attachment":[{"href":"http:\/\/elobservatorio.com.mx\/index.php?rest_route=%2Fwp%2Fv2%2Fmedia&parent=6327"}],"wp:term":[{"taxonomy":"category","embeddable":true,"href":"http:\/\/elobservatorio.com.mx\/index.php?rest_route=%2Fwp%2Fv2%2Fcategories&post=6327"},{"taxonomy":"post_tag","embeddable":true,"href":"http:\/\/elobservatorio.com.mx\/index.php?rest_route=%2Fwp%2Fv2%2Ftags&post=6327"}],"curies":[{"name":"wp","href":"https:\/\/api.w.org\/{rel}","templated":true}]}}