{"id":637,"date":"2018-11-27T20:38:08","date_gmt":"2018-11-27T20:38:08","guid":{"rendered":"http:\/\/elobservatorio.com.mx\/ratifican-secciones-del-6-y-39-del-snte-respaldo-a-su-nuevo-dirigente-y-a-amlo"},"modified":"2018-11-27T20:38:08","modified_gmt":"2018-11-27T20:38:08","slug":"ratifican-secciones-del-6-y-39-del-snte-respaldo-a-su-nuevo-dirigente-y-a-amlo","status":"publish","type":"post","link":"http:\/\/elobservatorio.com.mx\/?p=637","title":{"rendered":"Ratifican secciones del 6 Y 39 DEL SNTE respaldo a su nuevo dirigente y a AMLO"},"content":{"rendered":"<p><em>*El magisterio nacional se suma y aportar\u00e1 para contribuir a la Cuarta Transformaci\u00f3n planteada por el presidente electo Andr\u00e9s Manuel L\u00f3pez Obrador.<\/em><\/p>\n<p>Las secciones 6 y 39 del Sindicato Nacional de Trabajadores de la Educaci\u00f3n (SNTE) ratificaron su apoyo y respaldo al nuevo dirigente nacional de esa organizaci\u00f3n magisterial del pa\u00eds, Alfonso Cepeda Salas, y manifestaron su respaldo y determinaci\u00f3n \u201cpara contribuir a la Cuarta Transformaci\u00f3n\u201d planteada por el presidente electo de M\u00e9xico, Andr\u00e9s Manuel L\u00f3pez Obrador.<\/p>\n<p>En conferencia de prensa ofrecida en las instalaciones de la Secci\u00f3n 6 del SNTE, Juan Manuel Armend\u00e1riz Rangel, delegado especial del CEN del SNTE para la Secci\u00f3n 6, y Heriberto Valladares Ochoa, secretario general de la Secci\u00f3n 39 del SNTE, dieron lectura a un manifiesto en el que destacaron la reuni\u00f3n sostenida entre L\u00f3pez Obrador y el dirigente nacional del SNTE, en la que el pr\u00f3ximo presidente de M\u00e9xico se manifest\u00f3 respetuoso de la autonom\u00eda sindical.<\/p>\n<p>Ambos dirigentes sindicales destacaron que en dicho encuentro entre el presidente electo y el SNTE participaron 150 dirigentes de esta organizaci\u00f3n magisterial.<\/p>\n<p>Recordaron que en esta reuni\u00f3n, que en el pasado proceso electoral el pueblo de M\u00e9xico \u201cdecidi\u00f3 un cambio de fondo y verdadero\u201d.<\/p>\n<p>Ante ello, se\u00f1alaron, el SNTE tambi\u00e9n quiere un cambio y rechaza \u201cla sola transformaci\u00f3n administrativa, punitiva y cosm\u00e9tica que se realiz\u00f3 en a\u00f1os pasados. Le aseguramos (a L\u00f3pez Obrador) nuestra firme voluntad de colaborar en la enorme y trascendental tarea que tiene por delante y en la construcci\u00f3n del Acuerdo Nacional sobre la Educaci\u00f3n\u201d.<\/p>\n<p>Respaldaron el llamado del nuevo dirigente sindical Alfonso Cepeda Salas para que todas corrientes magisteriales, sin claudicar a sus principios y valores, construyamos y logremos las metas educativas del nuevo gobierno\u201d.<\/p>\n<p>Asimismo Armend\u00e1riz Rangel y Valladares Ochoa afirmaron que la nueva dirigencia nacional del SNTE se realiz\u00f3 en estricto apego a la legalidad estatutaria que rige la vida del SNTE.<\/p>\n<p>Expresaron que los acuerdos aprobados para profundizar la democracia interna, ampliar la participaci\u00f3n de los trabajadores de base en las responsabilidades y dotar al sindicato de mayores capacidades para cumplir sus responsabilidades y objetivos estrat\u00e9gicos.<\/p>\n<p>Dichos acuerdos, dijeron, son: sumar el esfuerzo institucional a la nueva etapa del pa\u00eds; aceptar la solicitud de licencia definitiva de Juan D\u00edaz de la Torr como presidente del SNTE; eliminar de los \u00f3rganos de gobierno sindical \u201cla figura de presidente del SNTE.<\/p>\n<p>Asimismo, promover en el pr\u00f3ximo Congreso Nacional la incorporaci\u00f3n de la norma estatutaria al voto universal, director y secreto para la elecci\u00f3n de dirigentes seccionales y nacionales; \u201ciniciar una pol\u00edtica reconciliaci\u00f3n en la vida de la organizaci\u00f3n sindical\u201d.<\/p>\n<p>Ambos dirigentes manifestaron que con ello el SNTE se fortalecer\u00e1 y reiteraron que se le ratific\u00f3 al presidente electo de M\u00e9xico que el magisterio nacional aportar\u00e1 lo mejor para contribuir a la cuarta transformaci\u00f3n planteada por \u00e9l y as\u00ed fortalecer la educaci\u00f3n p\u00fablica de calidad con equidad para todos, concluyeron.<\/p>\n","protected":false},"excerpt":{"rendered":"<p>*El magisterio nacional se suma y aportar\u00e1 para contribuir a la Cuarta Transformaci\u00f3n planteada por el presidente electo Andr\u00e9s Manuel L\u00f3pez Obrador. Las secciones 6 y 39 del Sindicato Nacional de Trabajadores de la Educaci\u00f3n (SNTE) ratificaron su apoyo y respaldo al nuevo dirigente nacional de esa organizaci\u00f3n magisterial del pa\u00eds, Alfonso Cepeda Salas, y&#8230;<\/p>\n","protected":false},"author":2,"featured_media":638,"comment_status":"open","ping_status":"open","sticky":false,"template":"","format":"standard","meta":{"footnotes":""},"categories":[12],"tags":[29,30,28],"class_list":["post-637","post","type-post","status-publish","format-standard","has-post-thumbnail","hentry","category-sociedad","tag-grid","tag-news","tag-slider"],"_links":{"self":[{"href":"http:\/\/elobservatorio.com.mx\/index.php?rest_route=\/wp\/v2\/posts\/637"}],"collection":[{"href":"http:\/\/elobservatorio.com.mx\/index.php?rest_route=\/wp\/v2\/posts"}],"about":[{"href":"http:\/\/elobservatorio.com.mx\/index.php?rest_route=\/wp\/v2\/types\/post"}],"author":[{"embeddable":true,"href":"http:\/\/elobservatorio.com.mx\/index.php?rest_route=\/wp\/v2\/users\/2"}],"replies":[{"embeddable":true,"href":"http:\/\/elobservatorio.com.mx\/index.php?rest_route=%2Fwp%2Fv2%2Fcomments&post=637"}],"version-history":[{"count":0,"href":"http:\/\/elobservatorio.com.mx\/index.php?rest_route=\/wp\/v2\/posts\/637\/revisions"}],"wp:featuredmedia":[{"embeddable":true,"href":"http:\/\/elobservatorio.com.mx\/index.php?rest_route=\/wp\/v2\/media\/638"}],"wp:attachment":[{"href":"http:\/\/elobservatorio.com.mx\/index.php?rest_route=%2Fwp%2Fv2%2Fmedia&parent=637"}],"wp:term":[{"taxonomy":"category","embeddable":true,"href":"http:\/\/elobservatorio.com.mx\/index.php?rest_route=%2Fwp%2Fv2%2Fcategories&post=637"},{"taxonomy":"post_tag","embeddable":true,"href":"http:\/\/elobservatorio.com.mx\/index.php?rest_route=%2Fwp%2Fv2%2Ftags&post=637"}],"curies":[{"name":"wp","href":"https:\/\/api.w.org\/{rel}","templated":true}]}}