{"id":6395,"date":"2019-07-31T17:28:40","date_gmt":"2019-07-31T17:28:40","guid":{"rendered":"http:\/\/elobservatorio.com.mx\/en-coordinacion-con-el-gobierno-municipal-apicultores-de-la-region-buscan-promover-productos"},"modified":"2019-07-31T17:28:40","modified_gmt":"2019-07-31T17:28:40","slug":"en-coordinacion-con-el-gobierno-municipal-apicultores-de-la-region-buscan-promover-productos","status":"publish","type":"post","link":"http:\/\/elobservatorio.com.mx\/?p=6395","title":{"rendered":"En coordinaci\u00f3n con el gobierno municipal, apicultores de la regi\u00f3n buscan promover productos"},"content":{"rendered":"<p><em>* La administraci\u00f3n de El\u00edas Lozano ha dado espacio en distintos eventos para que la ciudadan\u00eda conozca la importancia de este sistema producto.<\/em><\/p>\n<p>La Direcci\u00f3n General de Fomento Econ\u00f3mico, a trav\u00e9s de la jefatura de Desarrollo Rural del Municipio de Tecom\u00e1n, trabaja de manera conjunta con apicultores tecomenses en la promoci\u00f3n de la miel y sus derivados, con la finalidad de fortalecer este sistema producto en la localidad.<\/p>\n<p>Al respecto, Roberto Ch\u00e1vez Rinc\u00f3n, presidente del Comit\u00e9 del Sistema Producto Ap\u00edcola del Estado de Colima, destac\u00f3 que a lo largo de este 2019, la comuna tecomense ha promovido los productos ap\u00edcolas, en eventos municipales de alta afluencia de personas,<\/p>\n<p>\u201ccomo fue en el caso de la Feria del Lim\u00f3n 2019 y en la inauguraci\u00f3n de la Expo Agropecuaria instalada en la planta baja de la Presidencia Municipal durante la pasada Semana Santa, donde los m\u00e1s de 60 productores que tenemos solamente en este municipio pudieron mostrar a la ciudadan\u00eda los diferentes productos que se generan en la apicultura\u201d.<\/p>\n<p>Abund\u00f3 que estas actividades \u201cfueron muy importantes porque como productores locales necesitamos este tipo de espacios donde la gente pueda conocer el alto nivel de calidad de la miel que se genera en esta zona, y compararlos con productos que no son cien por ciento naturales, los cuales abundan en el mercado\u201d.<\/p>\n<p>Por otro lado, tambi\u00e9n fomenta la participaci\u00f3n de productores de otros sistemas a sumarse a la apicultura en distintas comunidades de Tecom\u00e1n, \u201cse busca que se genere una conciencia sobre la importancia de proteger a la abejas, que cada vez se produzca miel de mejor calidad, buscando la exportaci\u00f3n, como ya sucede con otros productos\u201d.<\/p>\n<p>Finalmente, Ch\u00e1vez Rinc\u00f3n asegur\u00f3 que, en coordinaci\u00f3n con la jefatura de desarrollo rural, continuar\u00e1n trabajando con la administraci\u00f3n del Presidente Municipal El\u00edas Antonio Lozano Ochoa para posicionar la producci\u00f3n ap\u00edcola y sus derivados en el municipio.<\/p>\n","protected":false},"excerpt":{"rendered":"<p>* La administraci\u00f3n de El\u00edas Lozano ha dado espacio en distintos eventos para que la ciudadan\u00eda conozca la importancia de este sistema producto. La Direcci\u00f3n General de Fomento Econ\u00f3mico, a trav\u00e9s de la jefatura de Desarrollo Rural del Municipio de Tecom\u00e1n, trabaja de manera conjunta con apicultores tecomenses en la promoci\u00f3n de la miel y&#8230;<\/p>\n","protected":false},"author":2,"featured_media":6396,"comment_status":"open","ping_status":"open","sticky":false,"template":"","format":"standard","meta":{"footnotes":""},"categories":[8,34],"tags":[29,30,28],"class_list":["post-6395","post","type-post","status-publish","format-standard","has-post-thumbnail","hentry","category-municipios","category-tecoman","tag-grid","tag-news","tag-slider"],"_links":{"self":[{"href":"http:\/\/elobservatorio.com.mx\/index.php?rest_route=\/wp\/v2\/posts\/6395"}],"collection":[{"href":"http:\/\/elobservatorio.com.mx\/index.php?rest_route=\/wp\/v2\/posts"}],"about":[{"href":"http:\/\/elobservatorio.com.mx\/index.php?rest_route=\/wp\/v2\/types\/post"}],"author":[{"embeddable":true,"href":"http:\/\/elobservatorio.com.mx\/index.php?rest_route=\/wp\/v2\/users\/2"}],"replies":[{"embeddable":true,"href":"http:\/\/elobservatorio.com.mx\/index.php?rest_route=%2Fwp%2Fv2%2Fcomments&post=6395"}],"version-history":[{"count":0,"href":"http:\/\/elobservatorio.com.mx\/index.php?rest_route=\/wp\/v2\/posts\/6395\/revisions"}],"wp:featuredmedia":[{"embeddable":true,"href":"http:\/\/elobservatorio.com.mx\/index.php?rest_route=\/wp\/v2\/media\/6396"}],"wp:attachment":[{"href":"http:\/\/elobservatorio.com.mx\/index.php?rest_route=%2Fwp%2Fv2%2Fmedia&parent=6395"}],"wp:term":[{"taxonomy":"category","embeddable":true,"href":"http:\/\/elobservatorio.com.mx\/index.php?rest_route=%2Fwp%2Fv2%2Fcategories&post=6395"},{"taxonomy":"post_tag","embeddable":true,"href":"http:\/\/elobservatorio.com.mx\/index.php?rest_route=%2Fwp%2Fv2%2Ftags&post=6395"}],"curies":[{"name":"wp","href":"https:\/\/api.w.org\/{rel}","templated":true}]}}