{"id":640,"date":"2018-11-27T20:42:12","date_gmt":"2018-11-27T20:42:12","guid":{"rendered":"http:\/\/elobservatorio.com.mx\/elias-lozano-se-compromete-a-mantener-una-administracion-transparente"},"modified":"2018-11-27T20:42:12","modified_gmt":"2018-11-27T20:42:12","slug":"elias-lozano-se-compromete-a-mantener-una-administracion-transparente","status":"publish","type":"post","link":"http:\/\/elobservatorio.com.mx\/?p=640","title":{"rendered":"El\u00edas Lozano se compromete a mantener una administraci\u00f3n transparente"},"content":{"rendered":"<p>Funcionarios del Instituto de Transparencia, Acceso a la Informaci\u00f3n P\u00fablica y Protecci\u00f3n de Datos del Estado de Colima (INFOCOL) encabezados por la Comisionada Presidenta Roc\u00edo Campos Anguiano, sostuvieron una entrevista con el alcalde El\u00edas Antonio Lozano Ochoa y funcionarios de su administraci\u00f3n con la finalidad de informar de la importancia de dar cabal cumplimiento a mantener en total trasparencia, la informaci\u00f3n que genera la comuna.<\/p>\n<p>Estuvieron presentes adem\u00e1s por parte del INFOCOL el Comisionado Secretario Francisco Ya\u00f1ez Centeno y Arvizu y el Secretario de Difusi\u00f3n y Vinculaci\u00f3n Gilberto Amador Olmos Torres; y por parte de la comuna tecomense el Tesorero H\u00e9ctor Ram\u00f3n Gonz\u00e1lez Garc\u00eda, el Contralor Marco Antonio Salas Moreno y Mar\u00eda Luisa Fern\u00e1ndez Silva, Secretar\u00eda Ejecutiva de la Unidad de Transparencia del Municipio<\/p>\n<p>La Comisionada Presidenta del INFOCOL Roc\u00edo Campos Anguiano destac\u00f3 que la intenci\u00f3n de la reuni\u00f3n es buscar la colaboraci\u00f3n con la administraci\u00f3n municipal en materia de asesor\u00eda, capacitaci\u00f3n y acompa\u00f1amiento respecto al temas de Acceso a la Informaci\u00f3n y Protecci\u00f3n de Datos Personales, pero sobre todo trabajar en la capacitaci\u00f3n de acuerdo a los tiempos que tengan los funcionarios \u201cse les entrega un formato y los funcionarios del Ayuntamiento determinan sobre qu\u00e9 temas quieren en la capacitaci\u00f3n, n\u00famero de personas a capacitarse y que pueda hacerse en horarios en que los funcionarios no est\u00e9n laborando\u201d.<\/p>\n<p>En este sentido el alcalde El\u00edas Lozano hizo el compromiso de dar cabal cumplimiento en lo que respecta a la Ley de Acceso a la Informaci\u00f3n y gir\u00f3 instrucciones a sus funcionarios presentes, para que est\u00e9n al tanto de que toda la informaci\u00f3n p\u00fablica est\u00e9 accesible para todos los ciudadanos \u201cpara nosotros el tema de transparencia es fundamental de hecho muchos de los perfiles que tenemos laborando, se han destacado por tener una misi\u00f3n genuina por la transparencia y eso nos interesa mucho\u201d. Concluy\u00f3.<\/p>\n","protected":false},"excerpt":{"rendered":"<p>Funcionarios del Instituto de Transparencia, Acceso a la Informaci\u00f3n P\u00fablica y Protecci\u00f3n de Datos del Estado de Colima (INFOCOL) encabezados por la Comisionada Presidenta Roc\u00edo Campos Anguiano, sostuvieron una entrevista con el alcalde El\u00edas Antonio Lozano Ochoa y funcionarios de su administraci\u00f3n con la finalidad de informar de la importancia de dar cabal cumplimiento a&#8230;<\/p>\n","protected":false},"author":2,"featured_media":641,"comment_status":"open","ping_status":"open","sticky":false,"template":"","format":"standard","meta":{"footnotes":""},"categories":[8,34],"tags":[29,30,28],"class_list":["post-640","post","type-post","status-publish","format-standard","has-post-thumbnail","hentry","category-municipios","category-tecoman","tag-grid","tag-news","tag-slider"],"_links":{"self":[{"href":"http:\/\/elobservatorio.com.mx\/index.php?rest_route=\/wp\/v2\/posts\/640"}],"collection":[{"href":"http:\/\/elobservatorio.com.mx\/index.php?rest_route=\/wp\/v2\/posts"}],"about":[{"href":"http:\/\/elobservatorio.com.mx\/index.php?rest_route=\/wp\/v2\/types\/post"}],"author":[{"embeddable":true,"href":"http:\/\/elobservatorio.com.mx\/index.php?rest_route=\/wp\/v2\/users\/2"}],"replies":[{"embeddable":true,"href":"http:\/\/elobservatorio.com.mx\/index.php?rest_route=%2Fwp%2Fv2%2Fcomments&post=640"}],"version-history":[{"count":0,"href":"http:\/\/elobservatorio.com.mx\/index.php?rest_route=\/wp\/v2\/posts\/640\/revisions"}],"wp:featuredmedia":[{"embeddable":true,"href":"http:\/\/elobservatorio.com.mx\/index.php?rest_route=\/wp\/v2\/media\/641"}],"wp:attachment":[{"href":"http:\/\/elobservatorio.com.mx\/index.php?rest_route=%2Fwp%2Fv2%2Fmedia&parent=640"}],"wp:term":[{"taxonomy":"category","embeddable":true,"href":"http:\/\/elobservatorio.com.mx\/index.php?rest_route=%2Fwp%2Fv2%2Fcategories&post=640"},{"taxonomy":"post_tag","embeddable":true,"href":"http:\/\/elobservatorio.com.mx\/index.php?rest_route=%2Fwp%2Fv2%2Ftags&post=640"}],"curies":[{"name":"wp","href":"https:\/\/api.w.org\/{rel}","templated":true}]}}