{"id":6403,"date":"2019-07-31T20:28:03","date_gmt":"2019-07-31T20:28:03","guid":{"rendered":"http:\/\/elobservatorio.com.mx\/fallece-el-empresario-gabriel-macias-becerril"},"modified":"2019-07-31T20:28:03","modified_gmt":"2019-07-31T20:28:03","slug":"fallece-el-empresario-gabriel-macias-becerril","status":"publish","type":"post","link":"http:\/\/elobservatorio.com.mx\/?p=6403","title":{"rendered":"Fallece el empresario Gabriel Macias Becerril"},"content":{"rendered":"<p><em>*Sufri\u00f3 un atentado el pasado 22 de junio.<\/em><\/p>\n<p>Alfredo Quiles Cabrera<\/p>\n<p>El empresario inmobiliario y pol\u00edtico Gabriel Mac\u00edas Becerril, falleci\u00f3 este mi\u00e9rcoles en esta capital del Estado, luego de permanecer convaleciente por un atentado en contra de su vida el pasado 22 de junio.<\/p>\n<p>Mac\u00edas Becerril durante los \u00faltimos a\u00f1os se hab\u00eda destacado como empresario inmobiliario, luego de haber incursionado en pol\u00edtica y haber sido funcionarios en administraciones municipales.<\/p>\n<p>Gabriel Mac\u00edas, de 65 a\u00f1os de edad, sufri\u00f3 un atentado a balazos mientras se trasladaba en un autom\u00f3vil Mercedes Benz por la zona norte de esta ciudad. Recibi\u00f3 varios impactos de bala al ser atacado desde un autom\u00f3vil Chevy, a la altura del cruce de la avenida La Paz y la calle Palma Areca, de la colonia Santa B\u00e1rbara, siendo detenido presunto responsable, a quien le fueron asegurados un veh\u00edculo y un arma de fuego.<\/p>\n<p>El empresario form\u00f3 parte del colegiado de la organizaci\u00f3n Ciudadanos Construyendo el Cambio, organizaci\u00f3n integrada por personajes de diversas corrientes pol\u00edticas y partidistas.<\/p>\n<p>Entre otras cosas, Gabriel Mac\u00edas fund\u00f3 el desaparecido diario local El Independiente.<\/p>\n<p>Gabriel Mac\u00edas Becerril es hermano del ex magistrado del Supremo Tribunal de Justicia del Estado y de la actual Regidora del Ayuntamiento de Colima, Carlos y Claudia Rossana Mac\u00edas Becerril, respectivamente.<\/p>\n<p>Hasta el momento no se han precisado las causas de su deceso.<\/p>\n<p>A trav\u00e9s de las redes sociales, el Gobernador Jos\u00e9 Ignacio Peralta S\u00e1nchez se solidariz\u00f3 con la familia del empresario inmobiliario y pol\u00edtico por su deceso<\/p>\n","protected":false},"excerpt":{"rendered":"<p>*Sufri\u00f3 un atentado el pasado 22 de junio. Alfredo Quiles Cabrera El empresario inmobiliario y pol\u00edtico Gabriel Mac\u00edas Becerril, falleci\u00f3 este mi\u00e9rcoles en esta capital del Estado, luego de permanecer convaleciente por un atentado en contra de su vida el pasado 22 de junio. Mac\u00edas Becerril durante los \u00faltimos a\u00f1os se hab\u00eda destacado como empresario&#8230;<\/p>\n","protected":false},"author":2,"featured_media":6404,"comment_status":"open","ping_status":"open","sticky":false,"template":"","format":"standard","meta":{"footnotes":""},"categories":[12],"tags":[29,30,28],"class_list":["post-6403","post","type-post","status-publish","format-standard","has-post-thumbnail","hentry","category-sociedad","tag-grid","tag-news","tag-slider"],"_links":{"self":[{"href":"http:\/\/elobservatorio.com.mx\/index.php?rest_route=\/wp\/v2\/posts\/6403"}],"collection":[{"href":"http:\/\/elobservatorio.com.mx\/index.php?rest_route=\/wp\/v2\/posts"}],"about":[{"href":"http:\/\/elobservatorio.com.mx\/index.php?rest_route=\/wp\/v2\/types\/post"}],"author":[{"embeddable":true,"href":"http:\/\/elobservatorio.com.mx\/index.php?rest_route=\/wp\/v2\/users\/2"}],"replies":[{"embeddable":true,"href":"http:\/\/elobservatorio.com.mx\/index.php?rest_route=%2Fwp%2Fv2%2Fcomments&post=6403"}],"version-history":[{"count":0,"href":"http:\/\/elobservatorio.com.mx\/index.php?rest_route=\/wp\/v2\/posts\/6403\/revisions"}],"wp:featuredmedia":[{"embeddable":true,"href":"http:\/\/elobservatorio.com.mx\/index.php?rest_route=\/wp\/v2\/media\/6404"}],"wp:attachment":[{"href":"http:\/\/elobservatorio.com.mx\/index.php?rest_route=%2Fwp%2Fv2%2Fmedia&parent=6403"}],"wp:term":[{"taxonomy":"category","embeddable":true,"href":"http:\/\/elobservatorio.com.mx\/index.php?rest_route=%2Fwp%2Fv2%2Fcategories&post=6403"},{"taxonomy":"post_tag","embeddable":true,"href":"http:\/\/elobservatorio.com.mx\/index.php?rest_route=%2Fwp%2Fv2%2Ftags&post=6403"}],"curies":[{"name":"wp","href":"https:\/\/api.w.org\/{rel}","templated":true}]}}