{"id":6406,"date":"2019-07-31T20:33:57","date_gmt":"2019-07-31T20:33:57","guid":{"rendered":"http:\/\/elobservatorio.com.mx\/ley-garrote-no-debe-ser-replicada-en-colima-nueva-alianza"},"modified":"2019-07-31T20:33:58","modified_gmt":"2019-07-31T20:33:58","slug":"ley-garrote-no-debe-ser-replicada-en-colima-nueva-alianza","status":"publish","type":"post","link":"http:\/\/elobservatorio.com.mx\/?p=6406","title":{"rendered":"Ley Garrote no debe ser replicada en Colima: Nueva Alianza"},"content":{"rendered":"<p><em>*Exhorta al Congreso del Estado a no caer \u201cen ma\u00f1as, ni en tentaciones que limitan la libre expresi\u00f3n de las ideas\u201d.<\/em><\/p>\n<p>Alfredo Quiles Cabrera<\/p>\n<p>El dirigente del Partido Nueva Alianza Colima, Francisco Javier Pinto Torres, se pronunci\u00f3 en contra de la aplicaci\u00f3n de la llamada \u201cLey Garrote\u201d que recientemente fue aprobada por el Congreso del Estado de Tabasco y exhort\u00f3 al Congreso colimense a \u201cno caer en ma\u00f1as ni tentaciones\u201d de pretender replicar ese tipo de ideas y leyes en la entidad.<\/p>\n<p>Cabe mencionar que en d\u00edas pasados el Poder Legislativo del Estado de Tabasco aprob\u00f3 por mayor\u00eda de diputados de Morena reformas al C\u00f3digo Penal local (Ley Garrote) para imponer hasta 20 a\u00f1os de prisi\u00f3n a quienes bloqueen vialidades (el libre tr\u00e1nsito) y afecte actividades cotidianas de la ciudadan\u00eda y las empresas.<\/p>\n<p>La pena se incrementar\u00e1 cuando los paristas se hagan acompa\u00f1ar por menores de edad o empleen la violencia. Se podr\u00e1 aplicar en contra de cualquier marcha, protesta o manifestaci\u00f3n no solo en alguna calle, sino en cualquier plaza bajo el argumento de impedir el libre tr\u00e1nsito de terceros, encuadr\u00e1ndolos en la pena y c\u00e1rcel a infractores.<\/p>\n<p>Ante ello, el l\u00edder aliancista hizo un exhorto a la diputaci\u00f3n local para \u201cno tomar esos ejemplos\u201d que limitan las libertades, pero principalmente limitan y proh\u00edben las manifestaciones y la libre expresi\u00f3n de las ideas de la ciudadan\u00eda.<\/p>\n<p>Dijo que por desgracia el presidente de la Rep\u00fablica, Andr\u00e9s Manuel L\u00f3pez Obrador, \u201cha aplaudido la Ley Garrote\u201d, lo que pudiera significar una instrucci\u00f3n para legislar sobre el particular en los estados, principalmente donde Morena tiene mayor\u00eda en los congresos locales.<\/p>\n<p>L\u00f3pez Obrador al referirse a esta Ley Garrote afirm\u00f3 que \u201cno se afectan los derechos humanos\u201d y sostuvo que \u201cse estaba abusando, hab\u00eda extorsiones, corrupci\u00f3n en manifestaciones\u201d.<\/p>\n<p>Pinto Torres afirm\u00f3 que ese tipo de Leyes no deben ser tomadas como \u201cpropuestas vanguardistas\u201d, pues insisti\u00f3 en que con ellas se atenta contra la libertad de manifestarse y de expresi\u00f3n de ideas.<\/p>\n<p>Se pronunci\u00f3 a favor de que los legisladores locales sean m\u00e1s proactivos en la elaboraci\u00f3n de leyes o reformas a las mismas. \u201cSer m\u00e1s legisladores que gestores, pues esa (legislar) es la funci\u00f3n principal y primordial de un diputado\u201d.<\/p>\n<p>Afirm\u00f3 que los diputados locales deben de empezar a trabajar a la par del Congreso Federal para analizar y armonizar las leyes secundarias en materia educativa y su aplicaci\u00f3n en las leyes estatales, entre otras m\u00e1s que est\u00e1n pendientes, concluy\u00f3.<\/p>\n<p>Asimismo, aplaudi\u00f3 y felicit\u00f3 a la diputada aliancista Rosalva Far\u00edas, quien este mi\u00e9rcoles fue nombrada presidente del Congreso del Estado para el mes de agosto.<\/p>\n","protected":false},"excerpt":{"rendered":"<p>*Exhorta al Congreso del Estado a no caer \u201cen ma\u00f1as, ni en tentaciones que limitan la libre expresi\u00f3n de las ideas\u201d. Alfredo Quiles Cabrera El dirigente del Partido Nueva Alianza Colima, Francisco Javier Pinto Torres, se pronunci\u00f3 en contra de la aplicaci\u00f3n de la llamada \u201cLey Garrote\u201d que recientemente fue aprobada por el Congreso del&#8230;<\/p>\n","protected":false},"author":2,"featured_media":6407,"comment_status":"open","ping_status":"open","sticky":false,"template":"","format":"standard","meta":{"footnotes":""},"categories":[10],"tags":[29,30,28],"class_list":["post-6406","post","type-post","status-publish","format-standard","has-post-thumbnail","hentry","category-politica","tag-grid","tag-news","tag-slider"],"_links":{"self":[{"href":"http:\/\/elobservatorio.com.mx\/index.php?rest_route=\/wp\/v2\/posts\/6406"}],"collection":[{"href":"http:\/\/elobservatorio.com.mx\/index.php?rest_route=\/wp\/v2\/posts"}],"about":[{"href":"http:\/\/elobservatorio.com.mx\/index.php?rest_route=\/wp\/v2\/types\/post"}],"author":[{"embeddable":true,"href":"http:\/\/elobservatorio.com.mx\/index.php?rest_route=\/wp\/v2\/users\/2"}],"replies":[{"embeddable":true,"href":"http:\/\/elobservatorio.com.mx\/index.php?rest_route=%2Fwp%2Fv2%2Fcomments&post=6406"}],"version-history":[{"count":0,"href":"http:\/\/elobservatorio.com.mx\/index.php?rest_route=\/wp\/v2\/posts\/6406\/revisions"}],"wp:featuredmedia":[{"embeddable":true,"href":"http:\/\/elobservatorio.com.mx\/index.php?rest_route=\/wp\/v2\/media\/6407"}],"wp:attachment":[{"href":"http:\/\/elobservatorio.com.mx\/index.php?rest_route=%2Fwp%2Fv2%2Fmedia&parent=6406"}],"wp:term":[{"taxonomy":"category","embeddable":true,"href":"http:\/\/elobservatorio.com.mx\/index.php?rest_route=%2Fwp%2Fv2%2Fcategories&post=6406"},{"taxonomy":"post_tag","embeddable":true,"href":"http:\/\/elobservatorio.com.mx\/index.php?rest_route=%2Fwp%2Fv2%2Ftags&post=6406"}],"curies":[{"name":"wp","href":"https:\/\/api.w.org\/{rel}","templated":true}]}}