{"id":643,"date":"2018-11-27T20:46:52","date_gmt":"2018-11-27T20:46:52","guid":{"rendered":"http:\/\/elobservatorio.com.mx\/nace-nueva-alianza-colima-partido-politico-estatal"},"modified":"2018-11-27T20:46:52","modified_gmt":"2018-11-27T20:46:52","slug":"nace-nueva-alianza-colima-partido-politico-estatal","status":"publish","type":"post","link":"http:\/\/elobservatorio.com.mx\/?p=643","title":{"rendered":"Nace Nueva Alianza Colima, partido pol\u00edtico estatal"},"content":{"rendered":"<p><em>*Solicit\u00f3 formalmente su registro ante el Consejo General del Instituto Electoral del Estado =Ser\u00e1 un partido pol\u00edtico que abandere las causas ciudadanas y abierto a la sociedad, dice Pinto Torres <\/em><\/p>\n<p><em>*Presente Roberto P\u00e9rez Alba<\/em><\/p>\n<p>El Comit\u00e9 de Direcci\u00f3n del Partido Nueva Alianza en Colima formaliz\u00f3 este lunes su solicitud de registro como Partido Pol\u00edtico Estatal ante el Consejo General del Instituto Electoral del Estado.<\/p>\n<p>El presidente del Comit\u00e9 de Direcci\u00f3n de Nueva Alianza, acompa\u00f1ado de parte de su comit\u00e9 y de Roberto P\u00e9rez Alba, representante personal del dirigente nacional de esta organizaci\u00f3n pol\u00edtica, Luis Castro Obreg\u00f3n, hizo entrega de la documentaci\u00f3n requerida a la presidente del Consejo General del IEE, Nirvana Fabiola Rosales Ochoa, y dem\u00e1s consejeros electorales.<\/p>\n<p>A partir de la fecha, el Instituto Electoral del Estado cuenta con tres d\u00edas h\u00e1biles para revisar la documentaci\u00f3n entregada y, en caso de omisi\u00f3n, poder notificarlo al naciente partido y en 15 d\u00edas h\u00e1biles m\u00e1s poder dictaminar sobre la petici\u00f3n presentada por Nueva Alianza para convertirse en Partido Pol\u00edtico Estatal.<\/p>\n<p>A la ceremonia de entrega de la documentaci\u00f3n, asistieron la regidora de Nueva Alianza, Rosalva Farias Larios, as\u00ed como los regidores de este instituto pol\u00edtico en los municipios de Armer\u00eda, Cuauht\u00e9moc y Colima, entre otros.<\/p>\n<p>Francisco Javier Pinto Torres dio a conocer se entreg\u00f3 toda la documentaci\u00f3n correspondiente, y<br \/>\na partir de este d\u00eda inicia nuevamente la fiesta para Nueva Alianza.<\/p>\n<p>\u201cVamos a reiterar el compromiso que hicimos en campa\u00f1a de abanderar las causas justas, de traer las banderas sociales acordes a la sociedad colimense y que seguiremos trabajando para en el 2021 incrementar esa confianza que nos han dado los colimenses, pero adem\u00e1s, seguir trabajando en aras de ir incrementando un mejor Colima y un mejor estado\u201d, dijo el l\u00edder de Nueva Alianza.<\/p>\n<p>Pinto Torres se\u00f1al\u00f3 que el Instituto Electoral del Estado exige para el registro como partido pol\u00edtico estatal una base de 1 mil 300 afiliados, teni\u00e9ndose actualmente 5 mil miembros.<\/p>\n<p>\u201cDefinitivamente nosotros esperamos que los m\u00e1s de 16 mil colimenses que nos dieron su apoyo en el proceso electoral lo reiteren en unos meses, una vez avanzado el procedimiento de la adquisici\u00f3n del registro estatal\u201d.<\/p>\n<p>Mencion\u00f3 el ex diputado federal que Colima forma parte de las 21 entidades donde Nueva Alianza alcanz\u00f3 la votaci\u00f3n requerida para sostenerse como partido.<\/p>\n<p>Anunci\u00f3 que se tendr\u00e1n que estar haciendo asambleas municipales en los pr\u00f3ximos 60 d\u00edas.<\/p>\n<p>\u201cEstaremos haciendo lo que nunca se ha tenido en Colima que son comit\u00e9s municipales, comit\u00e9s distritales, comit\u00e9s de barrio y seccionales. Tenemos la plena confianza en todos los colimenses que nos otorgaron su confianza para poder cumplir con todos los requisitos de asistencia, principalmente en las asambleas para la conformaci\u00f3n del partido en el \u00e1mbito estatal\u201d.<\/p>\n<p>Dijo que Nueva Alianza Colima tiene que tener una estructura s\u00f3lida, operativa, y con miembros comprometidos con un verdadero cambio en Colima.<\/p>\n<p>Afirm\u00f3 que Nueva Alianza Colima, tal y como lo hizo en el pasado proceso electoral, \u201cseguir\u00e1 abriendo las puertas a la sociedad en general y abanderar\u00e1 las causas sociales\u201d.<\/p>\n<p>Si bien, dijo, es prematuro hablar de Alianzas Electorales para los Comicios del 20121, estas ser\u00e1n muy bien analizadas y valoradas en su momento.<\/p>\n<p>Por su parte, Roberto P\u00e9rez Alba, representante personal del dirigente nacional de esta organizaci\u00f3n pol\u00edtica, Luis Castro Obreg\u00f3n, hizo un reconocimiento a la labor que realiza el Instituto Electoral del Estado y se manifest\u00f3 confiado en que no existir\u00e1 ning\u00fan obst\u00e1culo para constituir a Nueva Alianza como \u201cel \u00fanico Partido Pol\u00edtico Estatal en Colima\u201d.<\/p>\n","protected":false},"excerpt":{"rendered":"<p>*Solicit\u00f3 formalmente su registro ante el Consejo General del Instituto Electoral del Estado =Ser\u00e1 un partido pol\u00edtico que abandere las causas ciudadanas y abierto a la sociedad, dice Pinto Torres *Presente Roberto P\u00e9rez Alba El Comit\u00e9 de Direcci\u00f3n del Partido Nueva Alianza en Colima formaliz\u00f3 este lunes su solicitud de registro como Partido Pol\u00edtico Estatal&#8230;<\/p>\n","protected":false},"author":2,"featured_media":644,"comment_status":"open","ping_status":"open","sticky":false,"template":"","format":"standard","meta":{"footnotes":""},"categories":[10],"tags":[29,30,28],"class_list":["post-643","post","type-post","status-publish","format-standard","has-post-thumbnail","hentry","category-politica","tag-grid","tag-news","tag-slider"],"_links":{"self":[{"href":"http:\/\/elobservatorio.com.mx\/index.php?rest_route=\/wp\/v2\/posts\/643"}],"collection":[{"href":"http:\/\/elobservatorio.com.mx\/index.php?rest_route=\/wp\/v2\/posts"}],"about":[{"href":"http:\/\/elobservatorio.com.mx\/index.php?rest_route=\/wp\/v2\/types\/post"}],"author":[{"embeddable":true,"href":"http:\/\/elobservatorio.com.mx\/index.php?rest_route=\/wp\/v2\/users\/2"}],"replies":[{"embeddable":true,"href":"http:\/\/elobservatorio.com.mx\/index.php?rest_route=%2Fwp%2Fv2%2Fcomments&post=643"}],"version-history":[{"count":0,"href":"http:\/\/elobservatorio.com.mx\/index.php?rest_route=\/wp\/v2\/posts\/643\/revisions"}],"wp:featuredmedia":[{"embeddable":true,"href":"http:\/\/elobservatorio.com.mx\/index.php?rest_route=\/wp\/v2\/media\/644"}],"wp:attachment":[{"href":"http:\/\/elobservatorio.com.mx\/index.php?rest_route=%2Fwp%2Fv2%2Fmedia&parent=643"}],"wp:term":[{"taxonomy":"category","embeddable":true,"href":"http:\/\/elobservatorio.com.mx\/index.php?rest_route=%2Fwp%2Fv2%2Fcategories&post=643"},{"taxonomy":"post_tag","embeddable":true,"href":"http:\/\/elobservatorio.com.mx\/index.php?rest_route=%2Fwp%2Fv2%2Ftags&post=643"}],"curies":[{"name":"wp","href":"https:\/\/api.w.org\/{rel}","templated":true}]}}