{"id":6433,"date":"2019-08-05T19:56:16","date_gmt":"2019-08-05T19:56:16","guid":{"rendered":"http:\/\/elobservatorio.com.mx\/felipe-cruz-agradece-a-ciudadanos-por-organizarse-para-reforestar-y-limpiar-sus-colonias"},"modified":"2019-08-05T19:56:16","modified_gmt":"2019-08-05T19:56:16","slug":"felipe-cruz-agradece-a-ciudadanos-por-organizarse-para-reforestar-y-limpiar-sus-colonias","status":"publish","type":"post","link":"http:\/\/elobservatorio.com.mx\/?p=6433","title":{"rendered":"Felipe Cruz agradece a ciudadanos por organizarse para reforestar y limpiar sus colonias"},"content":{"rendered":"<p>El Presidente Municipal de Villa de \u00c1lvarez, Felipe Cruz, agradeci\u00f3 a los ciudadanos por estar reforestando y limpiando sus colonias, en coordinaci\u00f3n con colaboradores del Ayuntamiento.<\/p>\n<p>El edil municipal, al hacer un recuento de actividades de la semana que concluy\u00f3, expres\u00f3 que lo m\u00e1s satisfactorio fue la participaci\u00f3n de ciudadanos en la mejor\u00eda de sus colonias; y ejemplific\u00f3 los casos de la colonia La Reserva, donde 40 ciudadanos, organizados por el Profesor Felipe Guerrero Ramos, hicieron cooperaci\u00f3n, junto con los directores de Atenci\u00f3n y Participaci\u00f3n Ciudadana y Servicios P\u00fablicos Municipales, Linda Carrillo y H\u00e9ctor Rub\u00e9n Cisneros, respectivamente, para la limpieza de las m\u00e1rgenes del arroyo que divide esta colonia de la colonia Tulipanes, ya que los colonos de La Reserva pretenden habilitar esta \u00e1rea como lugar de descanso y convivencia vecinal, y por eso la han estado reforestando; en esta actividad, adem\u00e1s, el \u00e1rea municipal de Mantenimiento y Conservaci\u00f3n, a cargo del funcionario J. Reyes Virgen, envi\u00f3 un cami\u00f3n de volteo, para recoger el material recolectado.<\/p>\n<p>Otra actividad que destac\u00f3 el alcalde fue la que organizaron los ciudadanos del Fraccionamiento Los Tri\u00e1ngulos, denominada 1\u00aa Gran Caminata Familiar, que comprendi\u00f3 convivencia familiar, reforestaci\u00f3n del jard\u00edn de dicho fraccionamiento y la toma de conciencia de ser amigable con las mascotas; en esta actividad, seg\u00fan refiri\u00f3 en su oportunidad Jos\u00e9 Luis Hern\u00e1ndez Luna, Coordinador del Comit\u00e9 de Barrio, tambi\u00e9n hubo una adecuada coordinaci\u00f3n con \u00e1reas municipales, as\u00ed como algunas marcas comerciales que patrocinaron esta carrera.<\/p>\n<p>Para cerrar la semana, ciudadanos de la colonia El Llano, personal del DIF Municipal, colaboradores del Ayuntamiento y personal de Ecolog\u00eda reforestaron el jard\u00edn anexo a la Avenida Pablo Silva, plantando 65 especies: 15 almendros en \u00e1reas de banqueta y 35 en el interior del jard\u00edn, correspondientes a especies end\u00e9micas como coastecomate y huizilacate; adem\u00e1s, en el camell\u00f3n de dicha avenida fueron colocadas 15 rosamoradas, de 1.5 metros de altura.<\/p>\n","protected":false},"excerpt":{"rendered":"<p>El Presidente Municipal de Villa de \u00c1lvarez, Felipe Cruz, agradeci\u00f3 a los ciudadanos por estar reforestando y limpiando sus colonias, en coordinaci\u00f3n con colaboradores del Ayuntamiento. El edil municipal, al hacer un recuento de actividades de la semana que concluy\u00f3, expres\u00f3 que lo m\u00e1s satisfactorio fue la participaci\u00f3n de ciudadanos en la mejor\u00eda de sus&#8230;<\/p>\n","protected":false},"author":2,"featured_media":6434,"comment_status":"open","ping_status":"open","sticky":false,"template":"","format":"standard","meta":{"footnotes":""},"categories":[8,42],"tags":[29,30,28],"class_list":["post-6433","post","type-post","status-publish","format-standard","has-post-thumbnail","hentry","category-municipios","category-villa-de-alvarez","tag-grid","tag-news","tag-slider"],"_links":{"self":[{"href":"http:\/\/elobservatorio.com.mx\/index.php?rest_route=\/wp\/v2\/posts\/6433"}],"collection":[{"href":"http:\/\/elobservatorio.com.mx\/index.php?rest_route=\/wp\/v2\/posts"}],"about":[{"href":"http:\/\/elobservatorio.com.mx\/index.php?rest_route=\/wp\/v2\/types\/post"}],"author":[{"embeddable":true,"href":"http:\/\/elobservatorio.com.mx\/index.php?rest_route=\/wp\/v2\/users\/2"}],"replies":[{"embeddable":true,"href":"http:\/\/elobservatorio.com.mx\/index.php?rest_route=%2Fwp%2Fv2%2Fcomments&post=6433"}],"version-history":[{"count":0,"href":"http:\/\/elobservatorio.com.mx\/index.php?rest_route=\/wp\/v2\/posts\/6433\/revisions"}],"wp:featuredmedia":[{"embeddable":true,"href":"http:\/\/elobservatorio.com.mx\/index.php?rest_route=\/wp\/v2\/media\/6434"}],"wp:attachment":[{"href":"http:\/\/elobservatorio.com.mx\/index.php?rest_route=%2Fwp%2Fv2%2Fmedia&parent=6433"}],"wp:term":[{"taxonomy":"category","embeddable":true,"href":"http:\/\/elobservatorio.com.mx\/index.php?rest_route=%2Fwp%2Fv2%2Fcategories&post=6433"},{"taxonomy":"post_tag","embeddable":true,"href":"http:\/\/elobservatorio.com.mx\/index.php?rest_route=%2Fwp%2Fv2%2Ftags&post=6433"}],"curies":[{"name":"wp","href":"https:\/\/api.w.org\/{rel}","templated":true}]}}