{"id":6436,"date":"2019-08-05T20:06:20","date_gmt":"2019-08-05T20:06:20","guid":{"rendered":"http:\/\/elobservatorio.com.mx\/proyectan-3-mil-pruebas-para-atender-desarrollo-infantil"},"modified":"2019-08-05T20:06:20","modified_gmt":"2019-08-05T20:06:20","slug":"proyectan-3-mil-pruebas-para-atender-desarrollo-infantil","status":"publish","type":"post","link":"http:\/\/elobservatorio.com.mx\/?p=6436","title":{"rendered":"Proyectan 3 mil pruebas para atender desarrollo infantil"},"content":{"rendered":"<p class=\"x_MsoNormal\"><i>*Personal de la Secretar\u00eda de Salud aplica la prueba Evaluaci\u00f3n de desarrollo infantil y el inventario del desarrollo de Battelle *Capacita a 35 m\u00e9dicos, enfermeros y psic\u00f3logos para la aplicaci\u00f3n de estas pruebas en los centros de salud<\/i><\/p>\n<p class=\"x_MsoNormal\">La Secretar\u00eda de Salud y Bienestar Social del Gobierno del Estado proyecta para este a\u00f1o la realizaci\u00f3n de 3 mil pruebas de Evaluaci\u00f3n de desarrollo infantil (EDI), en los centros de salud de los 10 municipios del estado, para la\u00a0 detecci\u00f3n temprana de problemas del neurodesarrollo en menores de 5 a\u00f1os de edad.<\/p>\n<p class=\"x_MsoNormal\">Con esta prueba se confirman los progresos del ni\u00f1o sano y se identifica al menor con rezagos o problemas con relaci\u00f3n a su edad, detectando la presencia de las conductas correspondientes a 14 etapas del desarrollo, que abarcan desde el nacimiento hasta los cinco a\u00f1os de edad.<\/p>\n<p class=\"x_MsoNormal\">Para ello, se imparti\u00f3 en el Hospital Materno Infantil el curso Vigilancia del desarrollo de la primera infancia a personal de medicina, enfermer\u00eda y psicolog\u00eda del primer nivel en la atenci\u00f3n integral del infante, a fin de que sea capaz de realizar acciones en pro de la estrategia del desarrollo infantil como la aplicaci\u00f3n de la prueba EDI y la referencia de los casos que requieran atenci\u00f3n en hospitales y en el Centro Regional de Desarrollo Infantil (Ceredi).<\/p>\n<p class=\"x_MsoNormal\">Con esta capacitaci\u00f3n, los 35 m\u00e9dicos, enfermeros y psic\u00f3logos de los centros de salud que participaron podr\u00e1n realizar la citada prueba de tamizaje enfocada a ni\u00f1os de cero a cinco a\u00f1os de edad, con la cual se miden distintos aspectos del desarrollo y se eval\u00faan las \u00e1reas de desarrollo motor, lenguaje, social, adaptativo y cognoscitivo.<\/p>\n<p class=\"x_MsoNormal\">Para el resultado final de la prueba EDI se utiliza un sistema de sem\u00e1foro: rojo para riesgo de retraso del desarrollo, amarillo para rezago en el desarrollo y verde para desarrollo normal, considerando adem\u00e1s la presencia de factores de riesgo.<\/p>\n<p class=\"x_MsoNormal\">Asimismo, la Secretar\u00eda de Salud informa que cuenta con 11 kits del inventario del desarrollo de Battelle, en el que se invierten 70 mil pesos por cada uno, para identificar a los ni\u00f1os que presentan retraso o discapacidad en \u00e1reas del desarrollo personal\/social, adaptativa, motora, comunicaci\u00f3n y cognitiva, para que asistan a talleres o a terapias en el Ceredi.<\/p>\n<p class=\"x_MsoNormal\">De esta manera, el gobierno de Jos\u00e9 Ignacio Peralta S\u00e1nchez reconoce la importancia de considerar el m\u00e9todo preventivo en la vigilancia del desarrollo de primera infancia para incidir en los factores de riesgo que afectan para que los ni\u00f1os alcancen su m\u00e1ximo desarrollo.<\/p>\n","protected":false},"excerpt":{"rendered":"<p>*Personal de la Secretar\u00eda de Salud aplica la prueba Evaluaci\u00f3n de desarrollo infantil y el inventario del desarrollo de Battelle *Capacita a 35 m\u00e9dicos, enfermeros y psic\u00f3logos para la aplicaci\u00f3n de estas pruebas en los centros de salud La Secretar\u00eda de Salud y Bienestar Social del Gobierno del Estado proyecta para este a\u00f1o la realizaci\u00f3n&#8230;<\/p>\n","protected":false},"author":2,"featured_media":6437,"comment_status":"open","ping_status":"open","sticky":false,"template":"","format":"standard","meta":{"footnotes":""},"categories":[9],"tags":[29,30,28],"class_list":["post-6436","post","type-post","status-publish","format-standard","has-post-thumbnail","hentry","category-agro-y-salud","tag-grid","tag-news","tag-slider"],"_links":{"self":[{"href":"http:\/\/elobservatorio.com.mx\/index.php?rest_route=\/wp\/v2\/posts\/6436"}],"collection":[{"href":"http:\/\/elobservatorio.com.mx\/index.php?rest_route=\/wp\/v2\/posts"}],"about":[{"href":"http:\/\/elobservatorio.com.mx\/index.php?rest_route=\/wp\/v2\/types\/post"}],"author":[{"embeddable":true,"href":"http:\/\/elobservatorio.com.mx\/index.php?rest_route=\/wp\/v2\/users\/2"}],"replies":[{"embeddable":true,"href":"http:\/\/elobservatorio.com.mx\/index.php?rest_route=%2Fwp%2Fv2%2Fcomments&post=6436"}],"version-history":[{"count":0,"href":"http:\/\/elobservatorio.com.mx\/index.php?rest_route=\/wp\/v2\/posts\/6436\/revisions"}],"wp:featuredmedia":[{"embeddable":true,"href":"http:\/\/elobservatorio.com.mx\/index.php?rest_route=\/wp\/v2\/media\/6437"}],"wp:attachment":[{"href":"http:\/\/elobservatorio.com.mx\/index.php?rest_route=%2Fwp%2Fv2%2Fmedia&parent=6436"}],"wp:term":[{"taxonomy":"category","embeddable":true,"href":"http:\/\/elobservatorio.com.mx\/index.php?rest_route=%2Fwp%2Fv2%2Fcategories&post=6436"},{"taxonomy":"post_tag","embeddable":true,"href":"http:\/\/elobservatorio.com.mx\/index.php?rest_route=%2Fwp%2Fv2%2Ftags&post=6436"}],"curies":[{"name":"wp","href":"https:\/\/api.w.org\/{rel}","templated":true}]}}