{"id":646,"date":"2018-11-28T00:23:42","date_gmt":"2018-11-28T00:23:42","guid":{"rendered":"http:\/\/elobservatorio.com.mx\/organizaciones-civiles-piden-presupuesto-al-congreso"},"modified":"2018-11-28T00:23:42","modified_gmt":"2018-11-28T00:23:42","slug":"organizaciones-civiles-piden-presupuesto-al-congreso","status":"publish","type":"post","link":"http:\/\/elobservatorio.com.mx\/?p=646","title":{"rendered":"Organizaciones civiles piden presupuesto al Congreso"},"content":{"rendered":"<p><em>*Diputados analizar\u00e1n situaci\u00f3n de organizaci\u00f3n civil CRREAD sobre peticiones para mejorar rehabilitaci\u00f3n.<\/em><\/p>\n<p>Diversas organizaciones civiles se han acercado al Congreso del Estado con la finalidad de solicitar se les tome en cuenta para obtener o ampliar recursos econ\u00f3micos en el Presupuesto de Egresos del Ejercicio Fiscal 2018.<\/p>\n<p>Luego de haber sostenido una reuni\u00f3n de trabajo con los integrantes de la Federaci\u00f3n de Centros Especializados en Tratamiento y Prevenci\u00f3n de Adicciones del Estado de Colima A. C. (FECETRA), que preside Luis Enrique Puga Virgen, la coordinadora del grupo parlamentario del partido de MORENA, Jazm\u00edn Garc\u00eda Ram\u00edrez asumi\u00f3 el compromiso de analizar cada una de las peticiones planteadas a los legisladores.<\/p>\n<p>Explic\u00f3 que las demandas son con relaci\u00f3n a los altos costos que esta agrupaci\u00f3n civil paga por el consumo del agua y por el adeudo que tiene con CIAPACOV, adem\u00e1s de analizar y reformar la Ley para la Prevenci\u00f3n, Tratamiento y Control de las Adicciones en el Estado de Colima, la donaci\u00f3n de un predio y el que puedan contar con m\u00e1s recursos para estos organismos civiles, debido a que les fue reducido y la demanda de rehabilitaci\u00f3n va en aumento.<\/p>\n<p>Reunidos en la Sala de Juntas del Congreso del Estado, en donde estuvieron presentes el presidente del Congreso del Estado, Guillermo Toscano Reyes; la presidenta de la Comisi\u00f3n Ni\u00f1ez, Juventud, Adultos Mayores y Discapacidad, Aracely Garc\u00eda Muro y de la presidenta de la Comisi\u00f3n de Educaci\u00f3n y Cultura, diputada Rosalva Far\u00edas Larios tambi\u00e9n asumieron el compromiso de analizar cada una de las propuestas.<\/p>\n<p>Enrique Puga, quien dijo que la Federaci\u00f3n de Centros Especializados (FEXETRA) aglutina al Centro de Recuperaci\u00f3n y Rehabilitaci\u00f3n para Enfermos de Alcoholismo y Drogadicci\u00f3n (CRREAD) y la Red de organizaciones sociales Siglo XXI A. C., destac\u00f3 que \u201csi no somos escuchados en los temas sociales no vamos a poder avanzar\u201d, incluso se\u00f1al\u00f3 que pueden abonar mucho a la prevenci\u00f3n del delito.<\/p>\n<p>En sus demandas, explic\u00f3 que solamente la Red Siglo XXI que aglutina a 100 organizaciones civiles y para este a\u00f1o ser\u00e1 de 120 solo cuenta con un presupuesto de 44 mil pesos para los coordinadores de los diez municipios y se busca visualizarlas para que la ciudadan\u00eda tenga acceso a las mismas, pero se carece de capacitaci\u00f3n y profesionalizaci\u00f3n.<\/p>\n<p>La diputada Aracely Garc\u00eda, dijo de las preferencias que se tienen dentro de las organizaciones para ofrecerles recursos, debido a que s\u00ed se est\u00e1 dentro de la Junta de Asistencia Privada del Estado de Colima, se tiene que ir derecho con el Gobernador del Estado y si es de su grado fluyen m\u00e1s recursos y eso es una realidad de que as\u00ed se manejan con las Asociaciones Civiles, a las que discriminan<\/p>\n","protected":false},"excerpt":{"rendered":"<p>*Diputados analizar\u00e1n situaci\u00f3n de organizaci\u00f3n civil CRREAD sobre peticiones para mejorar rehabilitaci\u00f3n. Diversas organizaciones civiles se han acercado al Congreso del Estado con la finalidad de solicitar se les tome en cuenta para obtener o ampliar recursos econ\u00f3micos en el Presupuesto de Egresos del Ejercicio Fiscal 2018. Luego de haber sostenido una reuni\u00f3n de trabajo&#8230;<\/p>\n","protected":false},"author":2,"featured_media":647,"comment_status":"open","ping_status":"open","sticky":false,"template":"","format":"standard","meta":{"footnotes":""},"categories":[1],"tags":[29,30,28],"class_list":["post-646","post","type-post","status-publish","format-standard","has-post-thumbnail","hentry","category-espacio-legislativo","tag-grid","tag-news","tag-slider"],"_links":{"self":[{"href":"http:\/\/elobservatorio.com.mx\/index.php?rest_route=\/wp\/v2\/posts\/646"}],"collection":[{"href":"http:\/\/elobservatorio.com.mx\/index.php?rest_route=\/wp\/v2\/posts"}],"about":[{"href":"http:\/\/elobservatorio.com.mx\/index.php?rest_route=\/wp\/v2\/types\/post"}],"author":[{"embeddable":true,"href":"http:\/\/elobservatorio.com.mx\/index.php?rest_route=\/wp\/v2\/users\/2"}],"replies":[{"embeddable":true,"href":"http:\/\/elobservatorio.com.mx\/index.php?rest_route=%2Fwp%2Fv2%2Fcomments&post=646"}],"version-history":[{"count":0,"href":"http:\/\/elobservatorio.com.mx\/index.php?rest_route=\/wp\/v2\/posts\/646\/revisions"}],"wp:featuredmedia":[{"embeddable":true,"href":"http:\/\/elobservatorio.com.mx\/index.php?rest_route=\/wp\/v2\/media\/647"}],"wp:attachment":[{"href":"http:\/\/elobservatorio.com.mx\/index.php?rest_route=%2Fwp%2Fv2%2Fmedia&parent=646"}],"wp:term":[{"taxonomy":"category","embeddable":true,"href":"http:\/\/elobservatorio.com.mx\/index.php?rest_route=%2Fwp%2Fv2%2Fcategories&post=646"},{"taxonomy":"post_tag","embeddable":true,"href":"http:\/\/elobservatorio.com.mx\/index.php?rest_route=%2Fwp%2Fv2%2Ftags&post=646"}],"curies":[{"name":"wp","href":"https:\/\/api.w.org\/{rel}","templated":true}]}}