{"id":649,"date":"2018-11-28T00:40:02","date_gmt":"2018-11-28T00:40:02","guid":{"rendered":"http:\/\/elobservatorio.com.mx\/habra-festival-viviendo-la-navidad-del-29-de-noviembre-al-6-de-enero"},"modified":"2018-11-28T00:40:02","modified_gmt":"2018-11-28T00:40:02","slug":"habra-festival-viviendo-la-navidad-del-29-de-noviembre-al-6-de-enero","status":"publish","type":"post","link":"http:\/\/elobservatorio.com.mx\/?p=649","title":{"rendered":"Habr\u00e1 Festival \u00abViviendo la navidad\u00bb, del 29 de noviembre al 6 de enero"},"content":{"rendered":"<p>Con la finalidad de hacer part\u00edcipes a los tecomenses de la transformaci\u00f3n que el gobierno municipal que encabeza El\u00edas Lozano Ochoa, busca para restablecer la tranquilidad y la paz social en el municipio, se anunci\u00f3, por parte del Presidente Municipal la ma\u00f1ana de este martes 27, el Festival \u201cViviendo La Navidad\u201d, que est\u00e1 preparando el Ayuntamiento junto con funcionarios de la comuna, para ofrecer a las familias de este municipio, un espacio de sano esparcimiento en el centro de la ciudad, en donde habr\u00e1 juegos de luces y m\u00fasica con el tema Navide\u00f1o con la intenci\u00f3n de generar la convivencia familiar.<\/p>\n<p>El\u00edas Lozano Ochoa, destac\u00f3 que se tienen contemplados diversos espect\u00e1culos musicales, literarios, exposiciones, obras de teatro y ballets durante los d\u00edas que dure el Festival.<\/p>\n<p>Asimismo Lozano Ochoa agradeci\u00f3 a la iniciativa de varias direcciones municipales quienes est\u00e1n sacando adelante este evento, que adem\u00e1s ser\u00e1 un escaparate para que empresas locales oferten sus productos, pero lo mejor, dijo, \u201ces que el ayuntamiento no ha gastado un solo peso, sino que es gracias al inter\u00e9s y apoyo de la iniciativa privada de quienes se ha recibido una muy buena respuesta\u201d.<\/p>\n<p>Lozano Ochoa mencion\u00f3 que la Navidad es una fecha propicia para unir a las familias y generar espacios para verlos caminar juntos por el centro \u201cy poderse fotografiar junto con sus hijos teniendo como fondo las figuras decorativas de luces led, cubiertas con tela, algo novedoso que no se hab\u00eda hecho en Tecom\u00e1n con la intenci\u00f3n de brindarle a la gente la confianza para que salgan a la calle.<\/p>\n<p>Entre los eventos que se tienen programados est\u00e1 para el d\u00eda 14 un concierto de villancicos en el quiosco central del jard\u00edn principal; el 15 un desfile de estampas navide\u00f1as, el 16 un bicipaseo promovido por el instituto del deporte; el 21 y 23 eventos culturales, el 21 una m\u00e1ster class de aer\u00f3bic, juegos mec\u00e1nicos, exposiciones fotogr\u00e1ficas y veladas literarias.<\/p>\n<p>Finalmente dijo el alcalde que la embotelladora Coca-Cola se ha sumado a este Festival \u201cViviendo la Navidad\u201d y apoyar\u00e1 con la colocaci\u00f3n de su gran \u00e1rbol navide\u00f1o, pero adem\u00e1s tendr\u00e1n alternativas diferentes para que la familia conviva.<\/p>\n<p>Estuvieron presentes la Directora de Educaci\u00f3n y Cultura Claudia Marcela Verduzco Anguiano, el Director de Fomento Econ\u00f3mico Rub\u00e9n Reyes Ram\u00edrez, la Directora de Turismo Gabriela Ru\u00edz Guerrero, la Directora de Deportes Rafaela Mart\u00ednez Silva y la Directora de Desarrollo Social y Humano Amparo Arreola Valdez.<\/p>\n","protected":false},"excerpt":{"rendered":"<p>Con la finalidad de hacer part\u00edcipes a los tecomenses de la transformaci\u00f3n que el gobierno municipal que encabeza El\u00edas Lozano Ochoa, busca para restablecer la tranquilidad y la paz social en el municipio, se anunci\u00f3, por parte del Presidente Municipal la ma\u00f1ana de este martes 27, el Festival \u201cViviendo La Navidad\u201d, que est\u00e1 preparando el&#8230;<\/p>\n","protected":false},"author":2,"featured_media":650,"comment_status":"open","ping_status":"open","sticky":false,"template":"","format":"standard","meta":{"footnotes":""},"categories":[8,34],"tags":[29,30,28],"class_list":["post-649","post","type-post","status-publish","format-standard","has-post-thumbnail","hentry","category-municipios","category-tecoman","tag-grid","tag-news","tag-slider"],"_links":{"self":[{"href":"http:\/\/elobservatorio.com.mx\/index.php?rest_route=\/wp\/v2\/posts\/649"}],"collection":[{"href":"http:\/\/elobservatorio.com.mx\/index.php?rest_route=\/wp\/v2\/posts"}],"about":[{"href":"http:\/\/elobservatorio.com.mx\/index.php?rest_route=\/wp\/v2\/types\/post"}],"author":[{"embeddable":true,"href":"http:\/\/elobservatorio.com.mx\/index.php?rest_route=\/wp\/v2\/users\/2"}],"replies":[{"embeddable":true,"href":"http:\/\/elobservatorio.com.mx\/index.php?rest_route=%2Fwp%2Fv2%2Fcomments&post=649"}],"version-history":[{"count":0,"href":"http:\/\/elobservatorio.com.mx\/index.php?rest_route=\/wp\/v2\/posts\/649\/revisions"}],"wp:featuredmedia":[{"embeddable":true,"href":"http:\/\/elobservatorio.com.mx\/index.php?rest_route=\/wp\/v2\/media\/650"}],"wp:attachment":[{"href":"http:\/\/elobservatorio.com.mx\/index.php?rest_route=%2Fwp%2Fv2%2Fmedia&parent=649"}],"wp:term":[{"taxonomy":"category","embeddable":true,"href":"http:\/\/elobservatorio.com.mx\/index.php?rest_route=%2Fwp%2Fv2%2Fcategories&post=649"},{"taxonomy":"post_tag","embeddable":true,"href":"http:\/\/elobservatorio.com.mx\/index.php?rest_route=%2Fwp%2Fv2%2Ftags&post=649"}],"curies":[{"name":"wp","href":"https:\/\/api.w.org\/{rel}","templated":true}]}}