{"id":6534,"date":"2019-08-08T00:28:03","date_gmt":"2019-08-08T00:28:03","guid":{"rendered":"http:\/\/elobservatorio.com.mx\/el-viaducto-ferroviario-de-manzanillo-entre-las-mejores-obras-del-pais"},"modified":"2019-08-08T00:28:03","modified_gmt":"2019-08-08T00:28:03","slug":"el-viaducto-ferroviario-de-manzanillo-entre-las-mejores-obras-del-pais","status":"publish","type":"post","link":"http:\/\/elobservatorio.com.mx\/?p=6534","title":{"rendered":"El viaducto ferroviario de Manzanillo, entre las mejores obras del pa\u00eds"},"content":{"rendered":"<p><em>*Se encuentra entre las obras que disputaran el Premio Obras Cemex 2019.<\/em><\/p>\n<p>Alfredo Quiles Cabrera<\/p>\n<p>Construido e inaugurado en el sexenio del presidente Enrique Pe\u00f1a Nieto, el Viaducto Ferroviario de Manzanillo se encuentra considerado como una de las obras \u201cm\u00e1s destacadas\u201d a nivel nacional y se encuentra contemplada para recibir el Premio Obras Cemex 2019.<\/p>\n<p>El t\u00fanel ferroviario de Manzanillo fue inaugurado el 20 de julio de 2018 por el entonces presidente de la Rep\u00fablica Enrique Pe\u00f1a Nieto.<\/p>\n<p>Esta magna obra y acciones paralelas es un proyecto integral que permite hacer m\u00e1s cordial la convivencia del Puerto de Manzanillo con la ciudad.<\/p>\n<p>La construcci\u00f3n del t\u00fanel cambio la ruta del tren, as\u00ed como de dos viaductos complementarios: el Portal API, que se dedica precisamente a este puerto y el Portal Laguna, que sale hacia la Ciudad de Colima ya sin molestar a la ciudad.<\/p>\n<p>El t\u00fanel ferroviario tiene una longitud de 450 metros y atraviesa el Cerro de San Pedrito, permitiendo un flujo de trenes al puerto las 24 horas del d\u00eda.<\/p>\n<p>PREMIO CEMEX<\/p>\n<p>Cemex anunci\u00f3 este martes a los 17 finalistas que disputar\u00e1n el Premio Obras Cemex 2019 en sus diferentes categor\u00edas y reconocimientos especiales para la edici\u00f3n M\u00e9xico.<\/p>\n<p>Entre los finalistas destacan el Palacio de la M\u00fasica Mexicana en M\u00e9rida, el Centro de Bioingenier\u00eda en Quer\u00e9taro, el Pabell\u00f3n Central en el Parque Metropolitano \u201cLa Mexicana\u201d, en la Ciudad de M\u00e9xico.<\/p>\n<p>El Premio Obras Cemex est\u00e1 dividido en cinco categor\u00edas: vivienda residencial, econ\u00f3mica, edificaci\u00f3n, espacio colectivo e infraestructura. Tambi\u00e9n cuenta con cuatro premios especiales: Accesibilidad universal, innovaci\u00f3n en la construcci\u00f3n, valor social y edificaci\u00f3n sostenible, siendo esta \u00faltima de gran trascendencia y condecoraci\u00f3n en el \u00e1mbito de la construcci\u00f3n.<\/p>\n<p>Algunas de las obras seleccionadas son Rehabilitaci\u00f3n del Bulevar Manuel \u00c1vila Camacho en Veracruz, y el Viaducto Ferroviario Manzanillo en Colima.<\/p>\n<p>De acuerdo al comunicado difundido por la cementera, la convocatoria recibi\u00f3 874 inscripciones al certamen por parte de la comunidad de profesionales de la construcci\u00f3n.<\/p>\n<p>Para seleccionar a los finalistas del Premio Especial en Edificaci\u00f3n Sostenible, el jurado verific\u00f3 que los dise\u00f1os y materiales utilizados en los proyectos fueran los adecuados y cumplieran con criterios bioclim\u00e1ticos.<\/p>\n<p>Tambi\u00e9n certific\u00f3 que durante su proceso constructivo tuvieran un consumo eficiente de energ\u00eda, ahorro de agua, uso racional de materiales, calidad de aire en interiores y aprovechamiento de energ\u00edas renovables, as\u00ed como el menor impacto ambiental.<\/p>\n<p>Los ganadores del Premio Obras edici\u00f3n M\u00e9xico se dar\u00e1n a conocer el pr\u00f3ximo siete de noviembre en la Ciudad de M\u00e9xico. Los galardonados representar\u00e1n al pa\u00eds en la edici\u00f3n internacional del certamen.<\/p>\n<p>La estatuilla que se entrega a los ganadores es una pieza creada por el escultor mexicano Miguel \u00c1ngel Gonz\u00e1lez. El galard\u00f3n conjuga m\u00e1rmol negro y concreto. Hace alusi\u00f3n a la inspiraci\u00f3n del ser humano para utilizar los materiales a su alcance y convertirlos en elementos de expresi\u00f3n de la arquitectura.<\/p>\n","protected":false},"excerpt":{"rendered":"<p>*Se encuentra entre las obras que disputaran el Premio Obras Cemex 2019. Alfredo Quiles Cabrera Construido e inaugurado en el sexenio del presidente Enrique Pe\u00f1a Nieto, el Viaducto Ferroviario de Manzanillo se encuentra considerado como una de las obras \u201cm\u00e1s destacadas\u201d a nivel nacional y se encuentra contemplada para recibir el Premio Obras Cemex 2019&#8230;.<\/p>\n","protected":false},"author":2,"featured_media":6535,"comment_status":"open","ping_status":"open","sticky":false,"template":"","format":"standard","meta":{"footnotes":""},"categories":[18],"tags":[29,30,28],"class_list":["post-6534","post","type-post","status-publish","format-standard","has-post-thumbnail","hentry","category-region","tag-grid","tag-news","tag-slider"],"_links":{"self":[{"href":"http:\/\/elobservatorio.com.mx\/index.php?rest_route=\/wp\/v2\/posts\/6534"}],"collection":[{"href":"http:\/\/elobservatorio.com.mx\/index.php?rest_route=\/wp\/v2\/posts"}],"about":[{"href":"http:\/\/elobservatorio.com.mx\/index.php?rest_route=\/wp\/v2\/types\/post"}],"author":[{"embeddable":true,"href":"http:\/\/elobservatorio.com.mx\/index.php?rest_route=\/wp\/v2\/users\/2"}],"replies":[{"embeddable":true,"href":"http:\/\/elobservatorio.com.mx\/index.php?rest_route=%2Fwp%2Fv2%2Fcomments&post=6534"}],"version-history":[{"count":0,"href":"http:\/\/elobservatorio.com.mx\/index.php?rest_route=\/wp\/v2\/posts\/6534\/revisions"}],"wp:featuredmedia":[{"embeddable":true,"href":"http:\/\/elobservatorio.com.mx\/index.php?rest_route=\/wp\/v2\/media\/6535"}],"wp:attachment":[{"href":"http:\/\/elobservatorio.com.mx\/index.php?rest_route=%2Fwp%2Fv2%2Fmedia&parent=6534"}],"wp:term":[{"taxonomy":"category","embeddable":true,"href":"http:\/\/elobservatorio.com.mx\/index.php?rest_route=%2Fwp%2Fv2%2Fcategories&post=6534"},{"taxonomy":"post_tag","embeddable":true,"href":"http:\/\/elobservatorio.com.mx\/index.php?rest_route=%2Fwp%2Fv2%2Ftags&post=6534"}],"curies":[{"name":"wp","href":"https:\/\/api.w.org\/{rel}","templated":true}]}}