{"id":655,"date":"2018-11-28T02:44:35","date_gmt":"2018-11-28T02:44:35","guid":{"rendered":"http:\/\/elobservatorio.com.mx\/gestiona-rector-apoyos-financieros-para-la-udec-en-la-camara-de-diputados"},"modified":"2018-11-28T02:44:35","modified_gmt":"2018-11-28T02:44:35","slug":"gestiona-rector-apoyos-financieros-para-la-udec-en-la-camara-de-diputados","status":"publish","type":"post","link":"http:\/\/elobservatorio.com.mx\/?p=655","title":{"rendered":"Gestiona rector apoyos financieros para la UdeC, en la C\u00e1mara de Diputados"},"content":{"rendered":"<p><em>*\u201cHemos trabajado con ah\u00ednco, pero sobre todo con mucha responsabilidad, para seguir sumando esfuerzos y encontrar las mejores f\u00f3rmulas presupuestales que favorezcan a m\u00e1s estudiantes y colimenses\u201d: Eduardo Hern\u00e1ndez Nava.<\/em><\/p>\n<p>El rector de la Universidad de Colima, Jos\u00e9 Eduardo Hern\u00e1ndez Nava, asisti\u00f3 este martes a la C\u00e1mara de Diputados, en la Ciudad de Mexico, donde sostuvo una reuni\u00f3n de trabajo para presentar los proyectos de presupuesto e infraestructura del pr\u00f3ximo a\u00f1o para la Casa de Estudios.<\/p>\n<p>\u201cSalimos contentos \u2013dijo el rector\u2013, fortalecidos de continuar la buena coordinaci\u00f3n con las nuevas autoridades, en particular con el diputado federal Mario Delgado Carrillo y en di\u00e1logo con la diputada federal Indira Vizca\u00edno, as\u00ed como el presidente del Congreso del Estado, el diputado Guillermo Toscano, en quienes reconozco y aprecio su buena disposici\u00f3n para reunirnos aqu\u00ed, en las oficinas de este recinto legislativo\u201d.<\/p>\n<p>Este medio d\u00eda, agreg\u00f3, \u201chemos trabajado con ah\u00ednco, pero sobre todo con mucha responsabilidad, para seguir sumando esfuerzos y encontrar las mejores f\u00f3rmulas presupuestales que favorezcan a m\u00e1s estudiantes y colimenses\u201d.<\/p>\n<p>En la reuni\u00f3n de trabajo tambi\u00e9n particip\u00f3 el contador Juan Carlos Vargas Lepe, coordinador general Administrativo y Financiero de la Universidad, para analizar algunos aspectos del Acuerdo de Coordinaci\u00f3n Fiscal.<\/p>\n<p>Por ser un tema de inter\u00e9s para las nuevas autoridades educativas, el rector de la Universidad de Colima plante\u00f3 a los legisladores las necesidades inmediatas para llevar a cabo los proyectos de infraestructura del pr\u00f3ximo a\u00f1o en la instituci\u00f3n, conforme a las previsiones convenidas del Instituto Colimense de la Infraestructura F\u00edsica Educativa.<\/p>\n<p>Para finalizar, Hern\u00e1ndez Nava se\u00f1al\u00f3 que estas gestiones se suman a las realizadas ante Esteban Moctezuma Barrag\u00e1n, pr\u00f3ximo secretario de Educaci\u00f3n P\u00fablica, as\u00ed como por la ANUIES ante Carlos Urz\u00faa Mac\u00edas, propuesto como secretario de Hacienda por el presidente electo y Jos\u00e9 Ignacio Peralta S\u00e1nchez, gobernador del estado.<\/p>\n","protected":false},"excerpt":{"rendered":"<p>*\u201cHemos trabajado con ah\u00ednco, pero sobre todo con mucha responsabilidad, para seguir sumando esfuerzos y encontrar las mejores f\u00f3rmulas presupuestales que favorezcan a m\u00e1s estudiantes y colimenses\u201d: Eduardo Hern\u00e1ndez Nava. El rector de la Universidad de Colima, Jos\u00e9 Eduardo Hern\u00e1ndez Nava, asisti\u00f3 este martes a la C\u00e1mara de Diputados, en la Ciudad de Mexico, donde&#8230;<\/p>\n","protected":false},"author":2,"featured_media":656,"comment_status":"open","ping_status":"open","sticky":false,"template":"","format":"standard","meta":{"footnotes":""},"categories":[14],"tags":[29,30,28],"class_list":["post-655","post","type-post","status-publish","format-standard","has-post-thumbnail","hentry","category-educacion-y-cultura","tag-grid","tag-news","tag-slider"],"_links":{"self":[{"href":"http:\/\/elobservatorio.com.mx\/index.php?rest_route=\/wp\/v2\/posts\/655"}],"collection":[{"href":"http:\/\/elobservatorio.com.mx\/index.php?rest_route=\/wp\/v2\/posts"}],"about":[{"href":"http:\/\/elobservatorio.com.mx\/index.php?rest_route=\/wp\/v2\/types\/post"}],"author":[{"embeddable":true,"href":"http:\/\/elobservatorio.com.mx\/index.php?rest_route=\/wp\/v2\/users\/2"}],"replies":[{"embeddable":true,"href":"http:\/\/elobservatorio.com.mx\/index.php?rest_route=%2Fwp%2Fv2%2Fcomments&post=655"}],"version-history":[{"count":0,"href":"http:\/\/elobservatorio.com.mx\/index.php?rest_route=\/wp\/v2\/posts\/655\/revisions"}],"wp:featuredmedia":[{"embeddable":true,"href":"http:\/\/elobservatorio.com.mx\/index.php?rest_route=\/wp\/v2\/media\/656"}],"wp:attachment":[{"href":"http:\/\/elobservatorio.com.mx\/index.php?rest_route=%2Fwp%2Fv2%2Fmedia&parent=655"}],"wp:term":[{"taxonomy":"category","embeddable":true,"href":"http:\/\/elobservatorio.com.mx\/index.php?rest_route=%2Fwp%2Fv2%2Fcategories&post=655"},{"taxonomy":"post_tag","embeddable":true,"href":"http:\/\/elobservatorio.com.mx\/index.php?rest_route=%2Fwp%2Fv2%2Ftags&post=655"}],"curies":[{"name":"wp","href":"https:\/\/api.w.org\/{rel}","templated":true}]}}