{"id":658,"date":"2018-11-28T03:03:45","date_gmt":"2018-11-28T03:03:45","guid":{"rendered":"http:\/\/elobservatorio.com.mx\/realiza-duo-petrof-gira-en-china-y-republica-checa"},"modified":"2018-11-28T03:03:45","modified_gmt":"2018-11-28T03:03:45","slug":"realiza-duo-petrof-gira-en-china-y-republica-checa","status":"publish","type":"post","link":"http:\/\/elobservatorio.com.mx\/?p=658","title":{"rendered":"Realiza D\u00fao Petrof gira en China y Rep\u00fablica Checa"},"content":{"rendered":"<p><em>Para celebrar su 15 aniversario, dieron conciertos, dictaron conferencias e impartieron talleres.<\/em><\/p>\n<p>El D\u00fao Petrof, ensamble con residencia en la Universidad de Colima, conformado por Anatoly Zatin y Vlada Vassilieva, ofreci\u00f3 una extensa gira de conciertos y conferencias en conmemoraci\u00f3n del 15 aniversario de su formaci\u00f3n.<\/p>\n<p>Durante el mes de noviembre ofrecieron 10 conciertos con tres programas distintos en las ciudades de Chengdu, Shenzhen y Shanghai, en China, as\u00ed como en Brno y Hradec Kralove, en la Rep\u00fablica Checa.<\/p>\n<p>Fueron artistas invitados en el Sexto Festival Internacional de Piano en Shenzhen, donde ofrecieron clases magistrales para estudiantes de piano, conferencias sobre la historia del arte pian\u00edstico, particularidades de la interpretaci\u00f3n a d\u00fao en este instrumento, y la educaci\u00f3n musical en el panorama internacional de la actualidad. Asimismo, tuvieron encuentros con alumnos y profesores de Shenzhen Art School y el Conservatorio de Shanghai.<\/p>\n<p>En Shanghai formaron parte del jurado del Concurso Internacional \u201cHuangzi\u201d de Composici\u00f3n para Piano. Tambi\u00e9n participaron en la gala de clausura del Segundo Festival Internacional de Piano Pudong-Chuansha, que tuvo lugar en Shanghai Oriental Art Center, un centro cultural con aforo para dos mil personas, compartiendo escenario con importantes personalidades del mundo de la m\u00fasica como Robert Blocker, decano de m\u00fasica de la Universidad de Yale (Estados Unidos); el legendario pianista chino Liu Shikun, y con los destacados pianistas Gianluca Luisi y Francesco Monopoli, profesores del conservatorio de Barletta (Italia).<\/p>\n<p>En la Rep\u00fablica Checa participaron en el Festival Internacional de Piano dedicado al pianista y compositor Vlastimil Lejsek, tocando obras para piano a cuatro manos, dos pianos y dos pianos a ocho manos, acompa\u00f1ados por el d\u00fao de piano Egia, de origen checo. Tambi\u00e9n actuaron como solistas con la Orquesta de C\u00e1mara del Conservatorio de Brno.<\/p>\n<p>Finalizaron la gira en la Petrof Gallery, sede de los pianos Petrof en la ciudad de Hradec Kralove, en un concierto que conmemor\u00f3 el centenario de la Rep\u00fablica Checa, as\u00ed como el XV aniversario de ambos d\u00faos: D\u00fao Petrof y D\u00fao Egia. Este evento cont\u00f3 con la distinguida presencia del ministro Miguel \u00c1ngel Vilchis, de la Embajada de M\u00e9xico en la Rep\u00fablica Checa.<\/p>\n<p>&nbsp;<\/p>\n<p>&nbsp;<\/p>\n","protected":false},"excerpt":{"rendered":"<p>Para celebrar su 15 aniversario, dieron conciertos, dictaron conferencias e impartieron talleres. El D\u00fao Petrof, ensamble con residencia en la Universidad de Colima, conformado por Anatoly Zatin y Vlada Vassilieva, ofreci\u00f3 una extensa gira de conciertos y conferencias en conmemoraci\u00f3n del 15 aniversario de su formaci\u00f3n. Durante el mes de noviembre ofrecieron 10 conciertos con&#8230;<\/p>\n","protected":false},"author":2,"featured_media":659,"comment_status":"open","ping_status":"open","sticky":false,"template":"","format":"standard","meta":{"footnotes":""},"categories":[14],"tags":[29,30,28],"class_list":["post-658","post","type-post","status-publish","format-standard","has-post-thumbnail","hentry","category-educacion-y-cultura","tag-grid","tag-news","tag-slider"],"_links":{"self":[{"href":"http:\/\/elobservatorio.com.mx\/index.php?rest_route=\/wp\/v2\/posts\/658"}],"collection":[{"href":"http:\/\/elobservatorio.com.mx\/index.php?rest_route=\/wp\/v2\/posts"}],"about":[{"href":"http:\/\/elobservatorio.com.mx\/index.php?rest_route=\/wp\/v2\/types\/post"}],"author":[{"embeddable":true,"href":"http:\/\/elobservatorio.com.mx\/index.php?rest_route=\/wp\/v2\/users\/2"}],"replies":[{"embeddable":true,"href":"http:\/\/elobservatorio.com.mx\/index.php?rest_route=%2Fwp%2Fv2%2Fcomments&post=658"}],"version-history":[{"count":0,"href":"http:\/\/elobservatorio.com.mx\/index.php?rest_route=\/wp\/v2\/posts\/658\/revisions"}],"wp:featuredmedia":[{"embeddable":true,"href":"http:\/\/elobservatorio.com.mx\/index.php?rest_route=\/wp\/v2\/media\/659"}],"wp:attachment":[{"href":"http:\/\/elobservatorio.com.mx\/index.php?rest_route=%2Fwp%2Fv2%2Fmedia&parent=658"}],"wp:term":[{"taxonomy":"category","embeddable":true,"href":"http:\/\/elobservatorio.com.mx\/index.php?rest_route=%2Fwp%2Fv2%2Fcategories&post=658"},{"taxonomy":"post_tag","embeddable":true,"href":"http:\/\/elobservatorio.com.mx\/index.php?rest_route=%2Fwp%2Fv2%2Ftags&post=658"}],"curies":[{"name":"wp","href":"https:\/\/api.w.org\/{rel}","templated":true}]}}