{"id":6582,"date":"2019-08-10T04:48:31","date_gmt":"2019-08-10T04:48:31","guid":{"rendered":"http:\/\/elobservatorio.com.mx\/participaran-colimenses-en-juegos-parapanamericanos-de-lima-2019"},"modified":"2019-08-10T04:48:31","modified_gmt":"2019-08-10T04:48:31","slug":"participaran-colimenses-en-juegos-parapanamericanos-de-lima-2019","status":"publish","type":"post","link":"http:\/\/elobservatorio.com.mx\/?p=6582","title":{"rendered":"Participar\u00e1n colimenses en Juegos Parapanamericanos de Lima 2019"},"content":{"rendered":"<p class=\"x_MsoNormal\"><em>*Los deportistas son Bryan Gerardo Aburto Beltr\u00e1n (60kg) y Brayan Misael Valencia Preciado (hasta 90kg)<\/em><\/p>\n<p class=\"x_MsoNormal\">Colima tendr\u00e1 hist\u00f3rica participaci\u00f3n en los Juegos Parapanamericanos de Lima, Per\u00fa 2019, con el debut de los judocas Bryan Gerardo Aburto Beltr\u00e1n (60kg) y Brayan Misael Valencia Preciado (Hasta 90kg), inform\u00f3 la directora general del Instituto Colimense del Deporte (Incode), Ciria Salazar.<\/p>\n<p class=\"x_MsoNormal\">Dijo que ambos deportistas se preparan desde el 4 de agosto en las instalaciones de la Comisi\u00f3n de Cultura F\u00edsica y Deporte y que el 18 de agosto partir\u00e1n a Lima, Per\u00fa, para competir del 22 al 24 de agosto en la Villa Deportiva Nacional Videna.<\/p>\n<p class=\"x_MsoNormal\">Explic\u00f3 que existe la posibilidad de que los dos colimenses obtengan medalla, ya que en torneos panamericanos se consigui\u00f3 un tercer lugar en Canad\u00e1 y un s\u00e9ptimo y noveno lugar en los mundiales en Bak\u00fa, Azerbay\u00e1n e Indiana, Estados Unidos, respectivamente.<\/p>\n<p class=\"x_MsoNormal\">Cabe destacar que los dos colimenses se integran al equipo de los dos campeones parapanamericanos, Lenia Ruvalcaba y Eduardo \u00c1vila; asimismo se integra Abraham Ortiz.<\/p>\n","protected":false},"excerpt":{"rendered":"<p>*Los deportistas son Bryan Gerardo Aburto Beltr\u00e1n (60kg) y Brayan Misael Valencia Preciado (hasta 90kg) Colima tendr\u00e1 hist\u00f3rica participaci\u00f3n en los Juegos Parapanamericanos de Lima, Per\u00fa 2019, con el debut de los judocas Bryan Gerardo Aburto Beltr\u00e1n (60kg) y Brayan Misael Valencia Preciado (Hasta 90kg), inform\u00f3 la directora general del Instituto Colimense del Deporte (Incode),&#8230;<\/p>\n","protected":false},"author":2,"featured_media":6583,"comment_status":"open","ping_status":"open","sticky":false,"template":"","format":"standard","meta":{"footnotes":""},"categories":[21],"tags":[29,30,28],"class_list":["post-6582","post","type-post","status-publish","format-standard","has-post-thumbnail","hentry","category-deportes","tag-grid","tag-news","tag-slider"],"_links":{"self":[{"href":"http:\/\/elobservatorio.com.mx\/index.php?rest_route=\/wp\/v2\/posts\/6582"}],"collection":[{"href":"http:\/\/elobservatorio.com.mx\/index.php?rest_route=\/wp\/v2\/posts"}],"about":[{"href":"http:\/\/elobservatorio.com.mx\/index.php?rest_route=\/wp\/v2\/types\/post"}],"author":[{"embeddable":true,"href":"http:\/\/elobservatorio.com.mx\/index.php?rest_route=\/wp\/v2\/users\/2"}],"replies":[{"embeddable":true,"href":"http:\/\/elobservatorio.com.mx\/index.php?rest_route=%2Fwp%2Fv2%2Fcomments&post=6582"}],"version-history":[{"count":0,"href":"http:\/\/elobservatorio.com.mx\/index.php?rest_route=\/wp\/v2\/posts\/6582\/revisions"}],"wp:featuredmedia":[{"embeddable":true,"href":"http:\/\/elobservatorio.com.mx\/index.php?rest_route=\/wp\/v2\/media\/6583"}],"wp:attachment":[{"href":"http:\/\/elobservatorio.com.mx\/index.php?rest_route=%2Fwp%2Fv2%2Fmedia&parent=6582"}],"wp:term":[{"taxonomy":"category","embeddable":true,"href":"http:\/\/elobservatorio.com.mx\/index.php?rest_route=%2Fwp%2Fv2%2Fcategories&post=6582"},{"taxonomy":"post_tag","embeddable":true,"href":"http:\/\/elobservatorio.com.mx\/index.php?rest_route=%2Fwp%2Fv2%2Ftags&post=6582"}],"curies":[{"name":"wp","href":"https:\/\/api.w.org\/{rel}","templated":true}]}}