{"id":661,"date":"2018-11-28T03:36:48","date_gmt":"2018-11-28T03:36:48","guid":{"rendered":"http:\/\/elobservatorio.com.mx\/realizan-i-jornada-de-emprendimiento-y-gestion-de-negocios-en-la-udec"},"modified":"2018-11-28T03:36:48","modified_gmt":"2018-11-28T03:36:48","slug":"realizan-i-jornada-de-emprendimiento-y-gestion-de-negocios-en-la-udec","status":"publish","type":"post","link":"http:\/\/elobservatorio.com.mx\/?p=661","title":{"rendered":"Realizan I Jornada de Emprendimiento y Gesti\u00f3n de Negocios, en la UdeC"},"content":{"rendered":"<p><em>*\u201cHay una gran brecha entre el emprendedor y el empresario. Vencerla es complicado, y ah\u00ed es donde viene el verdadero esfuerzo\u201d, dijo a los estudiantes Sean Hamud, de la Secretar\u00eda de Fomento Econ\u00f3mico, al inaugurar el evento.<\/em><\/p>\n<p>Arranc\u00f3 esta semana la I Jornada de Emprendimiento y Gesti\u00f3n de Negocios 2018, organizada por la Facultad de Contabilidad y Administraci\u00f3n de la UdeC, que tiene el objetivo de que los estudiantes presenten sus planes de negocios y posibles proyectos de emprendimiento.<\/p>\n<p>La inauguraci\u00f3n estuvo a cargo de Sean Osmin Hamud, coordinador de Proyectos Estrat\u00e9gicos de la Secretar\u00eda de Fomento Econ\u00f3mico, en representaci\u00f3n de Walter Oldenbourg; Karla Gonz\u00e1lez, en representaci\u00f3n de Jos\u00e9 Luis Fonseca, director de Atenci\u00f3n al Sector Social y Productivo de la UdeC; de Lorena Hern\u00e1ndez, directora de la Facultad de Contabilidad y Administraci\u00f3n del campus Colima; Paloma Gonz\u00e1lez, coordinadora acad\u00e9mica del plantel, y de Jorge Ochoa, representante sindical de la facultad.<\/p>\n<p>Al dar la bienvenida, Lorena Hern\u00e1ndez agradeci\u00f3 los consejos que los invitados den a los estudiantes, \u201cpara que tengan la oportunidad de mejorar sus proyectos y planes de negocios\u201d, y reiter\u00f3 que estos proyectos forman parte del trabajo que han realizado en algunas asignaturas.<\/p>\n<p>Con este evento, dijo Lorena Hern\u00e1ndez, \u201cse presentan no s\u00f3lo los conocimientos que les impartieron sus profesores, sino tambi\u00e9n el conocimiento que han adquirido durante su formaci\u00f3n profesional\u201d.<\/p>\n<p>Por su parte, Sean Osmin Hamud comparti\u00f3 su experiencia como emprendedor y empresario: \u201cCrear una empresa o un negocio y que \u00e9ste florezca tiene que ver con mucho trabajo, empe\u00f1o y preparaci\u00f3n; hay que aceptar los errores y vivir de ellos. La cr\u00edtica que se les haga es para beneficio de ustedes, la diremos con la mejor de las intenciones para que crezcan\u201d, coment\u00f3.<\/p>\n<p>Asimismo, reconoci\u00f3 que el hecho de darle forma a una idea ya es un m\u00e9rito, \u201ces el primer paso, pero hay una gran brecha entre el emprendedor y el empresario. Cuando uno tiene la idea y la quiere echar a caminar, se da cuenta de que es necesario darse de alta en Hacienda, tener una licencia municipal, dar de alta a la gente en el Seguro, pagar impuestos, enfrentar conflictos laborales, etc. Vencer la brecha entre el emprendedor y el empresario es complicado, y ah\u00ed es donde viene el verdadero esfuerzo\u201d.<\/p>\n<p>Finalmente, la directora Lorena Hern\u00e1ndez declar\u00f3 formalmente inaugurados los trabajos de la Jornada de Emprendimiento y Gesti\u00f3n de Negocios 2018, deseando \u00e9xito a todos los participantes.<\/p>\n","protected":false},"excerpt":{"rendered":"<p>*\u201cHay una gran brecha entre el emprendedor y el empresario. Vencerla es complicado, y ah\u00ed es donde viene el verdadero esfuerzo\u201d, dijo a los estudiantes Sean Hamud, de la Secretar\u00eda de Fomento Econ\u00f3mico, al inaugurar el evento. Arranc\u00f3 esta semana la I Jornada de Emprendimiento y Gesti\u00f3n de Negocios 2018, organizada por la Facultad de&#8230;<\/p>\n","protected":false},"author":2,"featured_media":662,"comment_status":"open","ping_status":"open","sticky":false,"template":"","format":"standard","meta":{"footnotes":""},"categories":[17,14],"tags":[29,30,28],"class_list":["post-661","post","type-post","status-publish","format-standard","has-post-thumbnail","hentry","category-economia-y-negocios","category-educacion-y-cultura","tag-grid","tag-news","tag-slider"],"_links":{"self":[{"href":"http:\/\/elobservatorio.com.mx\/index.php?rest_route=\/wp\/v2\/posts\/661"}],"collection":[{"href":"http:\/\/elobservatorio.com.mx\/index.php?rest_route=\/wp\/v2\/posts"}],"about":[{"href":"http:\/\/elobservatorio.com.mx\/index.php?rest_route=\/wp\/v2\/types\/post"}],"author":[{"embeddable":true,"href":"http:\/\/elobservatorio.com.mx\/index.php?rest_route=\/wp\/v2\/users\/2"}],"replies":[{"embeddable":true,"href":"http:\/\/elobservatorio.com.mx\/index.php?rest_route=%2Fwp%2Fv2%2Fcomments&post=661"}],"version-history":[{"count":0,"href":"http:\/\/elobservatorio.com.mx\/index.php?rest_route=\/wp\/v2\/posts\/661\/revisions"}],"wp:featuredmedia":[{"embeddable":true,"href":"http:\/\/elobservatorio.com.mx\/index.php?rest_route=\/wp\/v2\/media\/662"}],"wp:attachment":[{"href":"http:\/\/elobservatorio.com.mx\/index.php?rest_route=%2Fwp%2Fv2%2Fmedia&parent=661"}],"wp:term":[{"taxonomy":"category","embeddable":true,"href":"http:\/\/elobservatorio.com.mx\/index.php?rest_route=%2Fwp%2Fv2%2Fcategories&post=661"},{"taxonomy":"post_tag","embeddable":true,"href":"http:\/\/elobservatorio.com.mx\/index.php?rest_route=%2Fwp%2Fv2%2Ftags&post=661"}],"curies":[{"name":"wp","href":"https:\/\/api.w.org\/{rel}","templated":true}]}}