{"id":673,"date":"2018-11-28T05:03:56","date_gmt":"2018-11-28T05:03:56","guid":{"rendered":"http:\/\/elobservatorio.com.mx\/policias-reciben-capacitacion-en-materia-de-proximidad-social-y-prevencion-del-delito"},"modified":"2018-11-28T05:03:56","modified_gmt":"2018-11-28T05:03:56","slug":"policias-reciben-capacitacion-en-materia-de-proximidad-social-y-prevencion-del-delito","status":"publish","type":"post","link":"http:\/\/elobservatorio.com.mx\/?p=673","title":{"rendered":"Polic\u00edas reciben capacitaci\u00f3n en materia de proximidad social y prevenci\u00f3n del delito"},"content":{"rendered":"<p>La direcci\u00f3n de Seguridad P\u00fablica y Vialidad de Cuauht\u00e9moc, en coordinaci\u00f3n con el Centro Estatal de Prevenci\u00f3n Social de la Violencia con Participaci\u00f3n Ciudadana, llevaron a cabo jornadas de capacitaci\u00f3n\u00a0 a los agentes policiales del municipio, cuyo prop\u00f3sito es\u00a0 darles\u00a0 conocimientos\u00a0 en materia de valores que fortalezcan la imagen\u00a0 de\u00a0 esta importante figura p\u00fablica as\u00ed como para actuar con proximidad social.<\/p>\n<p>Las jornadas de capacitaci\u00f3n se llevaron a cabo en la sala audio visual \u201cErnestina Zamora\u201d de la cabecera municipal, con la presencia del director de Seguridad P\u00fablica y Vialidad, Ra\u00fal Salazar Orozco, y el\u00a0 coordinador\u00a0 de Prevenci\u00f3n del Delito, Marco Antonio Esp\u00edritu; la directora del Centro Estatal de Prevenci\u00f3n Social Martha Patricia Victorina Alejandre; donde\u00a0 las ponentes fueron \u00a0Hilda Liliana Montes y Roci\u00f3 Corona, quienes expusieron ante los agentes de polic\u00eda ense\u00f1anzas\u00a0 relacionadas\u00a0 con la prevenci\u00f3n del delito y la proximidad social.<\/p>\n<p>Estos cursos forman parte del programa permanente\u00a0 de capacitaci\u00f3n que a trav\u00e9s de la direcci\u00f3n de Seguridad P\u00fablica y Vialidad, promueve el gobierno municipal que encabeza Rafael Mendoza; con la finalidad de que los agentes de polic\u00eda\u00a0 se mantengan\u00a0 informados\u00a0 y debidamente adiestrados para\u00a0 el cumplimiento de su responsabilidad en el cuidado de la seguridad de la poblaci\u00f3n.<\/p>\n<p>En\u00a0 estas jornadas de capacitaci\u00f3n, se aborda tambi\u00e9n el aspecto de la violencia\u00a0 familiar y\u00a0 como evitarla, lo que\u00a0 permitir\u00e1 a los propios agentes\u00a0 poner en pr\u00e1ctica\u00a0 tales\u00a0 conocimientos en la proximidad social.<\/p>\n","protected":false},"excerpt":{"rendered":"<p>La direcci\u00f3n de Seguridad P\u00fablica y Vialidad de Cuauht\u00e9moc, en coordinaci\u00f3n con el Centro Estatal de Prevenci\u00f3n Social de la Violencia con Participaci\u00f3n Ciudadana, llevaron a cabo jornadas de capacitaci\u00f3n\u00a0 a los agentes policiales del municipio, cuyo prop\u00f3sito es\u00a0 darles\u00a0 conocimientos\u00a0 en materia de valores que fortalezcan la imagen\u00a0 de\u00a0 esta importante figura p\u00fablica as\u00ed&#8230;<\/p>\n","protected":false},"author":2,"featured_media":674,"comment_status":"open","ping_status":"open","sticky":false,"template":"","format":"standard","meta":{"footnotes":""},"categories":[40,8],"tags":[29,30,28],"class_list":["post-673","post","type-post","status-publish","format-standard","has-post-thumbnail","hentry","category-cuauhtemoc","category-municipios","tag-grid","tag-news","tag-slider"],"_links":{"self":[{"href":"http:\/\/elobservatorio.com.mx\/index.php?rest_route=\/wp\/v2\/posts\/673"}],"collection":[{"href":"http:\/\/elobservatorio.com.mx\/index.php?rest_route=\/wp\/v2\/posts"}],"about":[{"href":"http:\/\/elobservatorio.com.mx\/index.php?rest_route=\/wp\/v2\/types\/post"}],"author":[{"embeddable":true,"href":"http:\/\/elobservatorio.com.mx\/index.php?rest_route=\/wp\/v2\/users\/2"}],"replies":[{"embeddable":true,"href":"http:\/\/elobservatorio.com.mx\/index.php?rest_route=%2Fwp%2Fv2%2Fcomments&post=673"}],"version-history":[{"count":0,"href":"http:\/\/elobservatorio.com.mx\/index.php?rest_route=\/wp\/v2\/posts\/673\/revisions"}],"wp:featuredmedia":[{"embeddable":true,"href":"http:\/\/elobservatorio.com.mx\/index.php?rest_route=\/wp\/v2\/media\/674"}],"wp:attachment":[{"href":"http:\/\/elobservatorio.com.mx\/index.php?rest_route=%2Fwp%2Fv2%2Fmedia&parent=673"}],"wp:term":[{"taxonomy":"category","embeddable":true,"href":"http:\/\/elobservatorio.com.mx\/index.php?rest_route=%2Fwp%2Fv2%2Fcategories&post=673"},{"taxonomy":"post_tag","embeddable":true,"href":"http:\/\/elobservatorio.com.mx\/index.php?rest_route=%2Fwp%2Fv2%2Ftags&post=673"}],"curies":[{"name":"wp","href":"https:\/\/api.w.org\/{rel}","templated":true}]}}