{"id":676,"date":"2018-11-28T05:10:23","date_gmt":"2018-11-28T05:10:23","guid":{"rendered":"http:\/\/elobservatorio.com.mx\/entregan-a-jalisco-a-profugo-que-tenia-6-ordenes-de-aprehension"},"modified":"2018-11-28T05:10:23","modified_gmt":"2018-11-28T05:10:23","slug":"entregan-a-jalisco-a-profugo-que-tenia-6-ordenes-de-aprehension","status":"publish","type":"post","link":"http:\/\/elobservatorio.com.mx\/?p=676","title":{"rendered":"Entregan a Jalisco a pr\u00f3fugo que ten\u00eda 6 \u00f3rdenes de aprehensi\u00f3n"},"content":{"rendered":"<p><em>*En 2013 priv\u00f3 de la vida a una persona en Zapop\u00e1n.<\/em><\/p>\n<p><strong><em>\u00a0<\/em><\/strong>La Fiscal\u00eda General del Estado entreg\u00f3 a un hombre de 35 a\u00f1os de edad, que en el Estado de Jalisco contaba con seis \u00f3rdenes de aprehensi\u00f3n por homicidio y secuestro, adem\u00e1s de estar relacionado con hechos delictivos integrados en 10 carpetas de investigaci\u00f3n, seg\u00fan informaci\u00f3n de la Fiscal\u00eda General de esa entidad.<\/p>\n<p><strong><em>\u00a0<\/em><\/strong>Tras su detenci\u00f3n y traslado a la Ciudad de Guadalajara, este sujeto fue turnado a la autoridad jurisdiccional correspondiente, en cumplimiento a una de las \u00f3rdenes de captura por el delito de homicidio calificado, ocurrido a principios del a\u00f1o 2013 en una colonia de la Ciudad de Zapopan.<\/p>\n<p>De acuerdo a lo que establecen las investigaciones de las autoridades ministeriales de Jalisco, hace cerca de cinco a\u00f1os el imputado priv\u00f3 de la vida a la persona con la que trabajaba, debido a problemas relacionados con la venta y distribuci\u00f3n de sustancias prohibidas.<\/p>\n<p><strong><em>\u00a0<\/em><\/strong>Con este tipo de acciones queda de manifiesto la efectividad de los convenios de colaboraci\u00f3n interinstitucional, que consisten en combatir a la delincuencia sin importar las fronteras de los estados, pero respetando siempre el marco del derecho, a fin de lograr la captura quienes cometen los il\u00edcitos y llevarlos ante la justicia.<\/p>\n<p>Para obtener resultados favorables en estas tareas coordinadas contra la delincuencia, sigue siendo importante la colaboraci\u00f3n de la sociedad a trav\u00e9s de sus denuncias an\u00f3nimas a la l\u00ednea 089, y el reporte de emergencias 911; por ello se sigue exhortando a la poblaci\u00f3n a realizarlas y coadyuvar con las instituciones.<\/p>\n<p>&nbsp;<\/p>\n","protected":false},"excerpt":{"rendered":"<p>*En 2013 priv\u00f3 de la vida a una persona en Zapop\u00e1n. \u00a0La Fiscal\u00eda General del Estado entreg\u00f3 a un hombre de 35 a\u00f1os de edad, que en el Estado de Jalisco contaba con seis \u00f3rdenes de aprehensi\u00f3n por homicidio y secuestro, adem\u00e1s de estar relacionado con hechos delictivos integrados en 10 carpetas de investigaci\u00f3n, seg\u00fan&#8230;<\/p>\n","protected":false},"author":2,"featured_media":677,"comment_status":"open","ping_status":"open","sticky":false,"template":"","format":"standard","meta":{"footnotes":""},"categories":[15],"tags":[29,30,28],"class_list":["post-676","post","type-post","status-publish","format-standard","has-post-thumbnail","hentry","category-seguridad-y-justicia","tag-grid","tag-news","tag-slider"],"_links":{"self":[{"href":"http:\/\/elobservatorio.com.mx\/index.php?rest_route=\/wp\/v2\/posts\/676"}],"collection":[{"href":"http:\/\/elobservatorio.com.mx\/index.php?rest_route=\/wp\/v2\/posts"}],"about":[{"href":"http:\/\/elobservatorio.com.mx\/index.php?rest_route=\/wp\/v2\/types\/post"}],"author":[{"embeddable":true,"href":"http:\/\/elobservatorio.com.mx\/index.php?rest_route=\/wp\/v2\/users\/2"}],"replies":[{"embeddable":true,"href":"http:\/\/elobservatorio.com.mx\/index.php?rest_route=%2Fwp%2Fv2%2Fcomments&post=676"}],"version-history":[{"count":0,"href":"http:\/\/elobservatorio.com.mx\/index.php?rest_route=\/wp\/v2\/posts\/676\/revisions"}],"wp:featuredmedia":[{"embeddable":true,"href":"http:\/\/elobservatorio.com.mx\/index.php?rest_route=\/wp\/v2\/media\/677"}],"wp:attachment":[{"href":"http:\/\/elobservatorio.com.mx\/index.php?rest_route=%2Fwp%2Fv2%2Fmedia&parent=676"}],"wp:term":[{"taxonomy":"category","embeddable":true,"href":"http:\/\/elobservatorio.com.mx\/index.php?rest_route=%2Fwp%2Fv2%2Fcategories&post=676"},{"taxonomy":"post_tag","embeddable":true,"href":"http:\/\/elobservatorio.com.mx\/index.php?rest_route=%2Fwp%2Fv2%2Ftags&post=676"}],"curies":[{"name":"wp","href":"https:\/\/api.w.org\/{rel}","templated":true}]}}