{"id":679,"date":"2018-11-28T05:19:11","date_gmt":"2018-11-28T05:19:11","guid":{"rendered":"http:\/\/elobservatorio.com.mx\/premian-liga-de-futbol-en-armeria"},"modified":"2018-11-28T05:19:11","modified_gmt":"2018-11-28T05:19:11","slug":"premian-liga-de-futbol-en-armeria","status":"publish","type":"post","link":"http:\/\/elobservatorio.com.mx\/?p=679","title":{"rendered":"Premian liga de f\u00fatbol en  Armer\u00eda"},"content":{"rendered":"<p class=\"x_MsoNormal\">El director general del Instituto Colimense del Deporte, Fernando Mendoza Padilla encabez\u00f3 la premiaci\u00f3n de la Liga de F\u00fatbol Chevio Mesina, en las categor\u00edas Infantil 2008-2009 y Juvenil 2003-2004, 2005-2007, que se realiz\u00f3 en el campo de f\u00fatbol de la Unidad Deportiva de Armer\u00eda.<\/p>\n<p class=\"x_MsoNormal\">Acompa\u00f1aron al titular del Incode los regidores Mayra Leal y Eusebio Mesina, adem\u00e1s del organizador de esta Liga de F\u00fatbol, Antonio Rodr\u00edguez Hern\u00e1ndez.<\/p>\n<p class=\"x_MsoNormal\">\n","protected":false},"excerpt":{"rendered":"<p>El director general del Instituto Colimense del Deporte, Fernando Mendoza Padilla encabez\u00f3 la premiaci\u00f3n de la Liga de F\u00fatbol Chevio Mesina, en las categor\u00edas Infantil 2008-2009 y Juvenil 2003-2004, 2005-2007, que se realiz\u00f3 en el campo de f\u00fatbol de la Unidad Deportiva de Armer\u00eda. Acompa\u00f1aron al titular del Incode los regidores Mayra Leal y Eusebio&#8230;<\/p>\n","protected":false},"author":2,"featured_media":680,"comment_status":"open","ping_status":"open","sticky":false,"template":"","format":"standard","meta":{"footnotes":""},"categories":[21],"tags":[29,30,28],"class_list":["post-679","post","type-post","status-publish","format-standard","has-post-thumbnail","hentry","category-deportes","tag-grid","tag-news","tag-slider"],"_links":{"self":[{"href":"http:\/\/elobservatorio.com.mx\/index.php?rest_route=\/wp\/v2\/posts\/679"}],"collection":[{"href":"http:\/\/elobservatorio.com.mx\/index.php?rest_route=\/wp\/v2\/posts"}],"about":[{"href":"http:\/\/elobservatorio.com.mx\/index.php?rest_route=\/wp\/v2\/types\/post"}],"author":[{"embeddable":true,"href":"http:\/\/elobservatorio.com.mx\/index.php?rest_route=\/wp\/v2\/users\/2"}],"replies":[{"embeddable":true,"href":"http:\/\/elobservatorio.com.mx\/index.php?rest_route=%2Fwp%2Fv2%2Fcomments&post=679"}],"version-history":[{"count":0,"href":"http:\/\/elobservatorio.com.mx\/index.php?rest_route=\/wp\/v2\/posts\/679\/revisions"}],"wp:featuredmedia":[{"embeddable":true,"href":"http:\/\/elobservatorio.com.mx\/index.php?rest_route=\/wp\/v2\/media\/680"}],"wp:attachment":[{"href":"http:\/\/elobservatorio.com.mx\/index.php?rest_route=%2Fwp%2Fv2%2Fmedia&parent=679"}],"wp:term":[{"taxonomy":"category","embeddable":true,"href":"http:\/\/elobservatorio.com.mx\/index.php?rest_route=%2Fwp%2Fv2%2Fcategories&post=679"},{"taxonomy":"post_tag","embeddable":true,"href":"http:\/\/elobservatorio.com.mx\/index.php?rest_route=%2Fwp%2Fv2%2Ftags&post=679"}],"curies":[{"name":"wp","href":"https:\/\/api.w.org\/{rel}","templated":true}]}}