{"id":687,"date":"2018-11-28T05:34:58","date_gmt":"2018-11-28T05:34:58","guid":{"rendered":"http:\/\/elobservatorio.com.mx\/cabildo-aprueba-convocatoria-para-elegir-autoridades-auxiliares-en-sus-comunidades"},"modified":"2018-11-28T05:34:58","modified_gmt":"2018-11-28T05:34:58","slug":"cabildo-aprueba-convocatoria-para-elegir-autoridades-auxiliares-en-sus-comunidades","status":"publish","type":"post","link":"http:\/\/elobservatorio.com.mx\/?p=687","title":{"rendered":"Cabildo aprueba convocatoria para elegir autoridades auxiliares en sus comunidades"},"content":{"rendered":"<p><em>*La elecci\u00f3n en las 12 comunidades rurales ser\u00e1 el 9 de diciembre<\/em><\/p>\n<p>El Cabildo de Villa de \u00c1lvarez aprob\u00f3 por unanimidad la convocatoria para elegir autoridades auxiliares en las 12 comunidades rurales.<\/p>\n<p>Durante la 5ta. Sesi\u00f3n Ordinaria del Cabildo, transmitida en vivo durante la ma\u00f1ana y medio d\u00eda de este martes 27 de noviembre, se aprob\u00f3 que la convocatoria sea publicada en espacios p\u00fablicos de estas comunidades y de la sede de la Presidencia, y que los aspirantes a conducir sus comunidades se registren a m\u00e1s tardar cinco d\u00edas antes de la elecci\u00f3n, esto es, a m\u00e1s tardar el 4 de diciembre, a las 3 de la tarde.<\/p>\n<p>La elecci\u00f3n ser\u00e1 el 9 de diciembre, de 9 de la ma\u00f1ana a 3 de la tarde, las planillas no deber\u00e1n tener el respaldo de partidos pol\u00edticos ni funcionarios p\u00fablicos, el conteo se realizar\u00e1 inmediatamente al concluir la jornada, en los mismos sitios donde los ciudadanos acudir\u00e1n a depositar su voto y, finalmente, al d\u00eda siguiente de la elecci\u00f3n, el Cabildo de Villa de \u00c1lvarez ser\u00e1 el responsable de declarar la validez de dicho proceso.<\/p>\n<p>Las comunidades de Villa de \u00c1lvarez, con sus respectivas sedes a donde deben acudir a votar sus electores, son las siguientes: El Mixcoate, en su casa ejidal; Pueblo Nuevo, en su casa ejidal; Agua Dulce, en su escuela primaria; Picachos, en su jard\u00edn; Juluapan, en su casa ejidal; Pe\u00f1itas, en su escuela primaria; El Chivato, en su jard\u00edn; Joyitas, en su casa de usos m\u00faltiples; El Carrizal, en el patio de su iglesia; El Nuevo Naranjal, La Lima y El Naranjal, en sus respectivas casas de usos m\u00faltiples.<\/p>\n","protected":false},"excerpt":{"rendered":"<p>*La elecci\u00f3n en las 12 comunidades rurales ser\u00e1 el 9 de diciembre El Cabildo de Villa de \u00c1lvarez aprob\u00f3 por unanimidad la convocatoria para elegir autoridades auxiliares en las 12 comunidades rurales. Durante la 5ta. Sesi\u00f3n Ordinaria del Cabildo, transmitida en vivo durante la ma\u00f1ana y medio d\u00eda de este martes 27 de noviembre, se&#8230;<\/p>\n","protected":false},"author":2,"featured_media":688,"comment_status":"open","ping_status":"open","sticky":false,"template":"","format":"standard","meta":{"footnotes":""},"categories":[8,42],"tags":[29,30,28],"class_list":["post-687","post","type-post","status-publish","format-standard","has-post-thumbnail","hentry","category-municipios","category-villa-de-alvarez","tag-grid","tag-news","tag-slider"],"_links":{"self":[{"href":"http:\/\/elobservatorio.com.mx\/index.php?rest_route=\/wp\/v2\/posts\/687"}],"collection":[{"href":"http:\/\/elobservatorio.com.mx\/index.php?rest_route=\/wp\/v2\/posts"}],"about":[{"href":"http:\/\/elobservatorio.com.mx\/index.php?rest_route=\/wp\/v2\/types\/post"}],"author":[{"embeddable":true,"href":"http:\/\/elobservatorio.com.mx\/index.php?rest_route=\/wp\/v2\/users\/2"}],"replies":[{"embeddable":true,"href":"http:\/\/elobservatorio.com.mx\/index.php?rest_route=%2Fwp%2Fv2%2Fcomments&post=687"}],"version-history":[{"count":0,"href":"http:\/\/elobservatorio.com.mx\/index.php?rest_route=\/wp\/v2\/posts\/687\/revisions"}],"wp:featuredmedia":[{"embeddable":true,"href":"http:\/\/elobservatorio.com.mx\/index.php?rest_route=\/wp\/v2\/media\/688"}],"wp:attachment":[{"href":"http:\/\/elobservatorio.com.mx\/index.php?rest_route=%2Fwp%2Fv2%2Fmedia&parent=687"}],"wp:term":[{"taxonomy":"category","embeddable":true,"href":"http:\/\/elobservatorio.com.mx\/index.php?rest_route=%2Fwp%2Fv2%2Fcategories&post=687"},{"taxonomy":"post_tag","embeddable":true,"href":"http:\/\/elobservatorio.com.mx\/index.php?rest_route=%2Fwp%2Fv2%2Ftags&post=687"}],"curies":[{"name":"wp","href":"https:\/\/api.w.org\/{rel}","templated":true}]}}