{"id":693,"date":"2018-11-28T06:12:37","date_gmt":"2018-11-28T06:12:37","guid":{"rendered":"http:\/\/elobservatorio.com.mx\/nacho-el-huerfanito"},"modified":"2018-11-28T06:12:37","modified_gmt":"2018-11-28T06:12:37","slug":"nacho-el-huerfanito","status":"publish","type":"post","link":"http:\/\/elobservatorio.com.mx\/?p=693","title":{"rendered":"Nacho el huerfanito"},"content":{"rendered":"<p><strong>Diurnarius<\/strong><\/p>\n<p><em>Miguel \u00c1ngel S\u00e1nchez Romero<\/em><\/p>\n<p>A unos d\u00edas de que concluya, el sexenio de Enrique Pe\u00f1a Nieto considerado el m\u00e1s sangriento y cuestionado de la historia reciente de M\u00e9xico, muchos pol\u00edticos ya han quedado en la orfandad, entre ellos el Gobernador de Colima, Jos\u00e9 Ignacio Peralta S\u00e1nchez que ahora tendr\u00e1 que buscar otra figura paterna a qui\u00e9n copiarle su identidad y la forma de gobernar para poder sobrevivir, ya que dif\u00edcilmente lo podr\u00e1 hacerlo sin una figura paterna que lo guie y lo ayude gobernar como lo hizo su mentor y protector Luis Videgaray Caso al que le debe todo lo que es.<\/p>\n<p>Sin embargo a Jos\u00e9 Ignacio Peralta de nada le sirvi\u00f3 haber sido un ferviente servidor de Enrique Pe\u00f1a Nieto y Luis Videgaray, ahora que quedar\u00e1 hu\u00e9rfano y sin la protecci\u00f3n e impunidad de la que goz\u00f3 junto con sus cuates en el Gobierno Priista, desde d\u00f3nde tejieron jugosos negocios al amparo del poder, como el caso que se hizo public\u00f3 hace unos d\u00edas por parte de la Organizaci\u00f3n Mexicanos Contra la Corrupci\u00f3n y la Impunidad (MCCI), en el que se involucra directamente al Gobernador de Colima, en un desv\u00edo de recursos p\u00fablicos por m\u00e1s de 15 millones de pesos a empresas fantasma, presuntamente destinados para financiar campa\u00f1as del PRI, lo que de confirmarse, ser\u00eda tan solo uno de los casos de corrupci\u00f3n que tendr\u00eda que enfrentar Nacho en completa orfandad.<\/p>\n<p>Tras la salida del PRI de Los Pinos, Jos\u00e9 Ignacio Peralta no solo pierde a sus mentores y protectores Enrique Pe\u00f1a Nieto y Luis Videgaray,\u00a0 sino que pr\u00e1cticamente queda en el desamparado y a merced de lo que sus virtuales padres adoptivos, Mario Delgado Carrillo y su fiel Dulcinea Indira Vizca\u00edno Silva le puedan conseguir para concluir\u00a0 su mediocre gobierno; sin embargo el Coordinador de la bancada de Morena en el Congreso de la Uni\u00f3n, Mario Delgado dif\u00edcilmente podr\u00e1 garantizarle a Nacho la impunidad y los privilegios a los que est\u00e1 acostumbrado, debido a que pondr\u00eda en juego sus aspiraciones por la Jefatura del Gobierno de la Ciudad de M\u00e9xico, y Mario sabe que meterse a Colima, es dejar los pesos por los centavos.<\/p>\n<p>Sin embargo, algo de lo que parece estar consiente Jos\u00e9 Ignacio Peralta es que Indira Vizca\u00edno Silva va en picada y no tendr\u00e1 la fuerza pol\u00edtica ni la cercan\u00eda con el Presidente Electo, Andr\u00e9s Manuel L\u00f3pez Obrador para ayudarlo; quiz\u00e1, esa fue la raz\u00f3n por la que tuvo que recurrir a la Diputada Federal, Claudia Y\u00e1\u00f1ez Centeno y el pr\u00f3ximo coordinador general de Pol\u00edtica y Gobierno, C\u00e9sar Ya\u00f1ez Centeno para que lo ayudaran a gestionar recursos para Colima, lo que nos deja en claro que Nacho Peralta no est\u00e1 seguro de aceptar como padres adoptivos a Mario e Indira.<\/p>\n<p>Lo cierto es que a partir del primero de diciembre, Jos\u00e9 Ignacio Peralta, pasar\u00e1 hacer un hu\u00e9rfano pol\u00edtico al que de un solo golpe dejaron sin sus mentores, con un partido pol\u00edtico en ruinas, sin pies ni cabeza, sin representatividad en la c\u00e1maras legislativas; mientras que a nivel local, se tendr\u00e1 que enfrentar a un Congreso del Estado controlado por Morena y sus aliados, adem\u00e1s de que dif\u00edcilmente contar\u00e1 con el apoyo incondicional y a su servicio como lo ten\u00eda de las Delegaciones Fed\u00e9ralas, por lo que Nacho el huerfanito le quedan dos opciones la primera enfrentarse a una realidad que no ten\u00eda prevista y la segunda dejar la gubernatura y huir con sus mentores,\u00a0 quiz\u00e1 la segunda sea la mejor opci\u00f3n para \u00e9l y para Colima, de lo contrario \u00bfqu\u00e9 va a ser de Nacho, sin Enrique Pe\u00f1a Nieto ni Luis Videgaray despu\u00e9s del 1 de Diciembre?<\/p>\n<p><a href=\"mailto:miguelinosan@yahoo.com.mx\">miguelinosan@yahoo.com.mx<\/a><\/p>\n","protected":false},"excerpt":{"rendered":"<p>Diurnarius Miguel \u00c1ngel S\u00e1nchez Romero A unos d\u00edas de que concluya, el sexenio de Enrique Pe\u00f1a Nieto considerado el m\u00e1s sangriento y cuestionado de la historia reciente de M\u00e9xico, muchos pol\u00edticos ya han quedado en la orfandad, entre ellos el Gobernador de Colima, Jos\u00e9 Ignacio Peralta S\u00e1nchez que ahora tendr\u00e1 que buscar otra figura paterna&#8230;<\/p>\n","protected":false},"author":2,"featured_media":694,"comment_status":"open","ping_status":"open","sticky":false,"template":"","format":"standard","meta":{"footnotes":""},"categories":[11],"tags":[29,30,28],"class_list":["post-693","post","type-post","status-publish","format-standard","has-post-thumbnail","hentry","category-opinion","tag-grid","tag-news","tag-slider"],"_links":{"self":[{"href":"http:\/\/elobservatorio.com.mx\/index.php?rest_route=\/wp\/v2\/posts\/693"}],"collection":[{"href":"http:\/\/elobservatorio.com.mx\/index.php?rest_route=\/wp\/v2\/posts"}],"about":[{"href":"http:\/\/elobservatorio.com.mx\/index.php?rest_route=\/wp\/v2\/types\/post"}],"author":[{"embeddable":true,"href":"http:\/\/elobservatorio.com.mx\/index.php?rest_route=\/wp\/v2\/users\/2"}],"replies":[{"embeddable":true,"href":"http:\/\/elobservatorio.com.mx\/index.php?rest_route=%2Fwp%2Fv2%2Fcomments&post=693"}],"version-history":[{"count":0,"href":"http:\/\/elobservatorio.com.mx\/index.php?rest_route=\/wp\/v2\/posts\/693\/revisions"}],"wp:featuredmedia":[{"embeddable":true,"href":"http:\/\/elobservatorio.com.mx\/index.php?rest_route=\/wp\/v2\/media\/694"}],"wp:attachment":[{"href":"http:\/\/elobservatorio.com.mx\/index.php?rest_route=%2Fwp%2Fv2%2Fmedia&parent=693"}],"wp:term":[{"taxonomy":"category","embeddable":true,"href":"http:\/\/elobservatorio.com.mx\/index.php?rest_route=%2Fwp%2Fv2%2Fcategories&post=693"},{"taxonomy":"post_tag","embeddable":true,"href":"http:\/\/elobservatorio.com.mx\/index.php?rest_route=%2Fwp%2Fv2%2Ftags&post=693"}],"curies":[{"name":"wp","href":"https:\/\/api.w.org\/{rel}","templated":true}]}}