{"id":696,"date":"2018-11-28T06:22:25","date_gmt":"2018-11-28T06:22:25","guid":{"rendered":"http:\/\/elobservatorio.com.mx\/juan-gabriel-vive-y-dare-noticia-que-impactara-a-mexico-martha-figueroa"},"modified":"2018-11-28T06:22:25","modified_gmt":"2018-11-28T06:22:25","slug":"juan-gabriel-vive-y-dare-noticia-que-impactara-a-mexico-martha-figueroa","status":"publish","type":"post","link":"http:\/\/elobservatorio.com.mx\/?p=696","title":{"rendered":"\u00abJuan Gabriel vive y dar\u00e9 noticia que impactar\u00e1 a M\u00e9xico\u00bb: Martha Figueroa"},"content":{"rendered":"<p><em>*De acuerdo con la periodista de espect\u00e1culos, el exm\u00e1nager, Joaqu\u00edn Mu\u00f1oz, le envi\u00f3 un mensaje con un tema nuevo del &#8216;Divo de Ju\u00e1rez&#8217;<\/em><\/p>\n<p><strong>Ciudad de M\u00e9xico.-\u00a0<\/strong>La conductora del programa de espect\u00e1culos,\u00a0<strong><em>Intrusos\u00a0<\/em><\/strong>y exmiembro de\u00a0<strong><em>Ventaneando<\/em><\/strong>asegur\u00f3 que recibi\u00f3 por WhatsApp, un audio del cantante,<strong>Juan Gabriel que falleci\u00f3 en agosto de 2016<\/strong>. Esta declaraci\u00f3n de parte la conductora sembr\u00f3 la duda entre los fan\u00e1ticos y televidentes sobre si el Divo de Ju\u00e1rez est\u00e1 vivo o no.<\/p>\n<p>De acuerdo con la periodista de espect\u00e1culos, el exm\u00e1nager, Joaqu\u00edn Mu\u00f1oz, le envi\u00f3 un mensaje en el que dec\u00eda que Juan Gabriel hab\u00eda grabado un tema nuevo y que quer\u00eda darle el adelanto a ella.\u00a0<strong>Martha Figueroa<\/strong>\u00a0asegur\u00f3 que en el transcurso de esta semana har\u00e1 una revelaci\u00f3n sobre el &#8216;<strong>Divo de Ju\u00e1rez&#8217;\u00a0<\/strong>que provocar\u00e1 qu\u00e9 todo M\u00e9xico se quede \u201ccon la boca abierta\u201d as\u00ed lo explic\u00f3 la comunicadora.<\/p>\n<p>Al inicio del mes de noviembre, un supuesto\u00a0<strong>exrepresentante\u00a0<\/strong>del cantante asegur\u00f3 que Juan Gabriel estaba vivo y que har\u00eda una reaparici\u00f3n el pr\u00f3ximo 15 de noviembre, los hijos del cantante desmintieron a un medio estadounidense estos rumores y\u00a0 hasta mostraron que ten\u00edan el acta de defunci\u00f3n del Divo.<\/p>\n<p><em>Con informaci\u00f3n de Tribuna.com.mx<\/em><\/p>\n","protected":false},"excerpt":{"rendered":"<p>*De acuerdo con la periodista de espect\u00e1culos, el exm\u00e1nager, Joaqu\u00edn Mu\u00f1oz, le envi\u00f3 un mensaje con un tema nuevo del &#8216;Divo de Ju\u00e1rez&#8217; Ciudad de M\u00e9xico.-\u00a0La conductora del programa de espect\u00e1culos,\u00a0Intrusos\u00a0y exmiembro de\u00a0Ventaneandoasegur\u00f3 que recibi\u00f3 por WhatsApp, un audio del cantante,Juan Gabriel que falleci\u00f3 en agosto de 2016. Esta declaraci\u00f3n de parte la conductora sembr\u00f3&#8230;<\/p>\n","protected":false},"author":2,"featured_media":697,"comment_status":"open","ping_status":"open","sticky":false,"template":"","format":"standard","meta":{"footnotes":""},"categories":[32],"tags":[29,30,28],"class_list":["post-696","post","type-post","status-publish","format-standard","has-post-thumbnail","hentry","category-escenario","tag-grid","tag-news","tag-slider"],"_links":{"self":[{"href":"http:\/\/elobservatorio.com.mx\/index.php?rest_route=\/wp\/v2\/posts\/696"}],"collection":[{"href":"http:\/\/elobservatorio.com.mx\/index.php?rest_route=\/wp\/v2\/posts"}],"about":[{"href":"http:\/\/elobservatorio.com.mx\/index.php?rest_route=\/wp\/v2\/types\/post"}],"author":[{"embeddable":true,"href":"http:\/\/elobservatorio.com.mx\/index.php?rest_route=\/wp\/v2\/users\/2"}],"replies":[{"embeddable":true,"href":"http:\/\/elobservatorio.com.mx\/index.php?rest_route=%2Fwp%2Fv2%2Fcomments&post=696"}],"version-history":[{"count":0,"href":"http:\/\/elobservatorio.com.mx\/index.php?rest_route=\/wp\/v2\/posts\/696\/revisions"}],"wp:featuredmedia":[{"embeddable":true,"href":"http:\/\/elobservatorio.com.mx\/index.php?rest_route=\/wp\/v2\/media\/697"}],"wp:attachment":[{"href":"http:\/\/elobservatorio.com.mx\/index.php?rest_route=%2Fwp%2Fv2%2Fmedia&parent=696"}],"wp:term":[{"taxonomy":"category","embeddable":true,"href":"http:\/\/elobservatorio.com.mx\/index.php?rest_route=%2Fwp%2Fv2%2Fcategories&post=696"},{"taxonomy":"post_tag","embeddable":true,"href":"http:\/\/elobservatorio.com.mx\/index.php?rest_route=%2Fwp%2Fv2%2Ftags&post=696"}],"curies":[{"name":"wp","href":"https:\/\/api.w.org\/{rel}","templated":true}]}}