{"id":6978,"date":"2019-09-05T17:16:32","date_gmt":"2019-09-05T17:16:32","guid":{"rendered":"http:\/\/elobservatorio.com.mx\/arnoldo-indira-vladimir-visfocri-cadena-de-corrupcion"},"modified":"2019-09-05T17:16:32","modified_gmt":"2019-09-05T17:16:32","slug":"arnoldo-indira-vladimir-visfocri-cadena-de-corrupcion","status":"publish","type":"post","link":"http:\/\/elobservatorio.com.mx\/?p=6978","title":{"rendered":"Arnoldo-Indira-Vladimir-Visfocri: cadena de corrupci\u00f3n"},"content":{"rendered":"<p><span style=\"color: #212121; font-family: Garamond, serif;\"><b>PARACA\u00cdDAS<\/b><\/span><\/p>\n<p><span style=\"color: #212121; font-family: Garamond, serif;\"><b>Rogelio Guedea<\/b><\/span><\/p>\n<p>Dijeron que eran diferentes, pero son lo mismo. Prometieron que lo har\u00edan de diferente manera, pero lo hacen de la misma manera que siempre. Crearon expectativas sobre la forma de gobernar y no han hecho sino desilusionar a la sociedad, buscando artilugios para crear realidades alternas (artificiales) a la realidad que est\u00e1 m\u00e1s clara que el agua.<\/p>\n<p>Estoy hablando de un segmento de Morena en Colima que, de no cuidarse bien, terminar\u00e1 por embadurnar de lodo a todo Morena en Colima, porque hay que reconocer que (todav\u00eda) hay morenistas colimenses que lo est\u00e1n haciendo bien. Lo que sucedi\u00f3 con la elecci\u00f3n del nuevo presidente de la Comisi\u00f3n de Derechos Humanos en nuestro estado es prueba visible de esto que acabo de decir.<\/p>\n<p>La cr\u00f3nica de esta decepci\u00f3n ha quedado ampliamente evidenciada en la sociedad y se reduce a lo siguiente: se abri\u00f3 una convocatoria para elegir al nuevo presidente de esta Comisi\u00f3n cuya labor ahora es tan importante para nuestra entidad. La convocatoria fue atendida por muchos aspirantes, m\u00e1s de quince.<\/p>\n<p>Una comisi\u00f3n ciudadana, respetable, eligi\u00f3 a los m\u00e1s aptos, evalu\u00e1ndolos con una calificaci\u00f3n del 0 al 100, y en donde s\u00f3lo algunos de ellos (como Roberto Ram\u00edrez y Alma Guadalupe G\u00f3mez Gait\u00e1n) resultaron con alta idoneidad, esto es con una calificaci\u00f3n de cien. Sin embargo, en la terna final apareci\u00f3 Mar\u00eda Elena Ruiz Visfocri, quien obtuvo una calificaci\u00f3n de 75, lo que ya empez\u00f3 a generar las animadversiones al interior de los congresistas. Lo que vino a desatar la gresca fue, sin embargo, la notoria tendencia a querer imponer a Ruiz Visfocri como la nueva presidenta del CEDH por parte de una fracci\u00f3n de los legisladores morenistas, encabezados por Vladimir Parra, quien fue acusado de llegar hasta el soborno para conseguir el voto que les faltaba a fin de conseguir la mayor\u00eda requerida para el nombramiento.<\/p>\n<p>En el despelotadero empezaron a surgir, como en los pleitos de vecindad, los trapitos mojados, y, por supuesto, pronto sali\u00f3 el peine: la raz\u00f3n por la cual el diputado Vladimir Parra se empe\u00f1\u00f3 en imponer a Ruiz Visfocri fue porque Ruiz Visfocri ten\u00eda una relaci\u00f3n cercana con Arnoldo Vizca\u00edno, padre de la superdelagada morenista Indira Vizca\u00edno, con lo cual se establec\u00eda una cadena de favores que termin\u00f3 evidenciando una cadena de corrupci\u00f3n. Como lo muestran las evidencias que son de dominio p\u00fablico, Ruiz Visfocri hab\u00eda sido abogada de Arnoldo Vizca\u00edno y fue de ah\u00ed que la superdelegada Indira Vizca\u00edno, su hija, haya operado con Vladimir Parra y su grupo de legisladores la imposici\u00f3n de Ruiz Visfocri, d\u00e1ndole al traste con ello a un proceso que tendr\u00eda que haber sido un ejemplo de transparencia pues en \u00e9l particip\u00f3 un respetable consejo ciudadano que tuvo a bien hacer un trabajo de escrutinio que, por lo que se ve a simple vista, cumpli\u00f3 con las expectativas.<\/p>\n<p>No se necesita entrar en el fondo de la cuesti\u00f3n para darse cuenta que lo evidente es el fondo de la cuesti\u00f3n: los morenistas colimenses (en su mayor\u00eda) son espejo y se reflejan en todo eso que criticaron de los priistas, los panistas, los verdecologistas, etc\u00e9tera: se corrompen y corrompen con tal de conseguir sus fines aviesos y satisfacer sus ambiciones de poder, atropellando con ello los derechos y la dignidad de otros, incluido, para este caso, el consejo ciudadano. Por lo dem\u00e1s, los del PT han puesto el grito en el cielo y han pedido la remoci\u00f3n inmediata de la superdelegada Indira Vizca\u00edno: \u00bflo lograr\u00e1n?<\/p>\n","protected":false},"excerpt":{"rendered":"<p>PARACA\u00cdDAS Rogelio Guedea Dijeron que eran diferentes, pero son lo mismo. Prometieron que lo har\u00edan de diferente manera, pero lo hacen de la misma manera que siempre. Crearon expectativas sobre la forma de gobernar y no han hecho sino desilusionar a la sociedad, buscando artilugios para crear realidades alternas (artificiales) a la realidad que est\u00e1&#8230;<\/p>\n","protected":false},"author":2,"featured_media":1053,"comment_status":"open","ping_status":"open","sticky":false,"template":"","format":"standard","meta":{"footnotes":""},"categories":[11],"tags":[29,30,28],"class_list":["post-6978","post","type-post","status-publish","format-standard","has-post-thumbnail","hentry","category-opinion","tag-grid","tag-news","tag-slider"],"_links":{"self":[{"href":"http:\/\/elobservatorio.com.mx\/index.php?rest_route=\/wp\/v2\/posts\/6978"}],"collection":[{"href":"http:\/\/elobservatorio.com.mx\/index.php?rest_route=\/wp\/v2\/posts"}],"about":[{"href":"http:\/\/elobservatorio.com.mx\/index.php?rest_route=\/wp\/v2\/types\/post"}],"author":[{"embeddable":true,"href":"http:\/\/elobservatorio.com.mx\/index.php?rest_route=\/wp\/v2\/users\/2"}],"replies":[{"embeddable":true,"href":"http:\/\/elobservatorio.com.mx\/index.php?rest_route=%2Fwp%2Fv2%2Fcomments&post=6978"}],"version-history":[{"count":0,"href":"http:\/\/elobservatorio.com.mx\/index.php?rest_route=\/wp\/v2\/posts\/6978\/revisions"}],"wp:featuredmedia":[{"embeddable":true,"href":"http:\/\/elobservatorio.com.mx\/index.php?rest_route=\/wp\/v2\/media\/1053"}],"wp:attachment":[{"href":"http:\/\/elobservatorio.com.mx\/index.php?rest_route=%2Fwp%2Fv2%2Fmedia&parent=6978"}],"wp:term":[{"taxonomy":"category","embeddable":true,"href":"http:\/\/elobservatorio.com.mx\/index.php?rest_route=%2Fwp%2Fv2%2Fcategories&post=6978"},{"taxonomy":"post_tag","embeddable":true,"href":"http:\/\/elobservatorio.com.mx\/index.php?rest_route=%2Fwp%2Fv2%2Ftags&post=6978"}],"curies":[{"name":"wp","href":"https:\/\/api.w.org\/{rel}","templated":true}]}}