{"id":6992,"date":"2019-09-05T19:05:25","date_gmt":"2019-09-05T19:05:25","guid":{"rendered":"http:\/\/elobservatorio.com.mx\/promueve-udec-educacion-sexual-para-prevenir-violencia-machismo-y-homofobia"},"modified":"2019-09-05T19:05:25","modified_gmt":"2019-09-05T19:05:25","slug":"promueve-udec-educacion-sexual-para-prevenir-violencia-machismo-y-homofobia","status":"publish","type":"post","link":"http:\/\/elobservatorio.com.mx\/?p=6992","title":{"rendered":"Promueve UdeC educaci\u00f3n sexual para prevenir violencia, machismo y homofobia"},"content":{"rendered":"<p><em>*La Facultad de Psicolog\u00eda realiza las primeras Jornadas Acad\u00e9micas de Educaci\u00f3n Sexual y Sexualidad, con el objetivo de sumarse al D\u00eda Mundial de la Salud Sexual.<\/em><\/p>\n<p>La Facultad de Psicolog\u00eda de la Universidad de Colima realiza las primeras Jornadas Acad\u00e9micas de Educaci\u00f3n Sexual y Sexualidad con motivo del D\u00eda Mundial de la Salud Sexual que promueve la Asociaci\u00f3n Mundial para la Salud Sexual (WAS, por sus siglas en ingl\u00e9s). Este a\u00f1o el tema es \u201cEducaci\u00f3n sexual para todos\/as\/es: un puente hacia la salud sexual\u201d, el cual destaca la importancia de la educaci\u00f3n de la sexualidad sin hacer diferencias de edades, g\u00e9neros, grupos ni contextos.<\/p>\n<p>Norma Moy L\u00f3pez, directora del plantel, mencion\u00f3 que el evento es una iniciativa del Cuerpo Acad\u00e9mico 98, que busca impactar en la formaci\u00f3n de estudiantes. Tambi\u00e9n dijo que forma parte del Programa de Calidad de Vida del CEDEFU.<\/p>\n<p>Mencion\u00f3 que la Organizaci\u00f3n Mundial de la Salud (OMS) define la salud sexual como el estado de salud f\u00edsico, mental y social en relaci\u00f3n con la sexualidad: \u201cPara que la salud sexual se logre y se mantenga, es importante que los derechos sexuales de todas las personas sean respetados y ejercidos a plenitud\u201d, coment\u00f3.<\/p>\n<p>Por lo anterior, dijo que las ideas err\u00f3neas y prejuicios son frecuentes, por lo cual se requiere informaci\u00f3n y una labor de promoci\u00f3n, que ya realiza la UdeC con el prop\u00f3sito de ofrecer informaci\u00f3n y un espacio de reflexi\u00f3n en torno a la sexualidad.<\/p>\n<p>En su intervenci\u00f3n, Leticia Villarreal Caballero, coordinadora del evento, dijo que desde 2010 la Asociaci\u00f3n Mundial para la Salud Sexual ha invitado a profesionales, estudiantes y organizaciones a unirse a la iniciativa para promover la salud sexual, el bienestar y los derechos.<\/p>\n<p>En este sentido, explic\u00f3 que el Cuerpo Acad\u00e9mico 98 recibi\u00f3 la invitaci\u00f3n de la Federaci\u00f3n Mexicana de Salud Sexual para sumarse a esta celebraci\u00f3n y formar parte de la estrategia mundial, sugiriendo apropiarse del t\u00e9rmino no binario \u201ctodes\u201d, ya que la igualdad y la no discriminaci\u00f3n, asegur\u00f3, son fundamentales para la protecci\u00f3n y promoci\u00f3n de los derechos humanos.<\/p>\n<p>Asimismo, coment\u00f3 que la educaci\u00f3n integral de la sexualidad es primordial para disminuir creencias, prejuicios, violencia, sexismo, machismo, homofobia, transfobia, embarazos no planeados y prevenci\u00f3n de enfermedades de transmisi\u00f3n sexual.<\/p>\n<p>Dijo tambi\u00e9n que los futuros profesionales tendr\u00e1n la posibilidad de incidir en diversos contextos a trav\u00e9s de conocimientos y habilidades que promuevan la salud sexual, y apoyen el bienestar y la dignidad de las personas: \u201cAlcanzar la salud sexual, seg\u00fan la OMS, significa llegar a un estado de bienestar f\u00edsico, mental y social en relaci\u00f3n con la sexualidad, por lo cual se requiere un enfoque positivo y respetuoso de los derechos sexuales\u201d.<\/p>\n<p>En la inauguraci\u00f3n, Priscilia \u00c1lvarez Guti\u00e9rrez, delegada regional en Colima, en representaci\u00f3n del rector Eduardo Hern\u00e1ndez Nava, felicit\u00f3 la iniciativa de organizar este evento, \u201cpues fortalece la misi\u00f3n de responsabilidad social de la UdeC en el sentido de ofrecer educaci\u00f3n integral a sus estudiantes\u201d.<\/p>\n<p>Tambi\u00e9n dijo que, al ser un evento que se coordina de manera institucional a trav\u00e9s de la Direcci\u00f3n de Educaci\u00f3n Continua y el CEDEFU, \u201ces un espacio id\u00f3neo para romper barreras de la vida cotidiana\u201d.<\/p>\n<p>A la inauguraci\u00f3n acudieron tambi\u00e9n Rosendo S\u00e1nchez, titular de la Direcci\u00f3n General de Educaci\u00f3n Continua, y Carlos Enrique Tene, director de Previsi\u00f3n Asistencial del CEDEFU.<\/p>\n<p>&nbsp;<\/p>\n<p>&nbsp;<\/p>\n","protected":false},"excerpt":{"rendered":"<p>*La Facultad de Psicolog\u00eda realiza las primeras Jornadas Acad\u00e9micas de Educaci\u00f3n Sexual y Sexualidad, con el objetivo de sumarse al D\u00eda Mundial de la Salud Sexual. La Facultad de Psicolog\u00eda de la Universidad de Colima realiza las primeras Jornadas Acad\u00e9micas de Educaci\u00f3n Sexual y Sexualidad con motivo del D\u00eda Mundial de la Salud Sexual que&#8230;<\/p>\n","protected":false},"author":2,"featured_media":6993,"comment_status":"open","ping_status":"open","sticky":false,"template":"","format":"standard","meta":{"footnotes":""},"categories":[14],"tags":[29,30,28],"class_list":["post-6992","post","type-post","status-publish","format-standard","has-post-thumbnail","hentry","category-educacion-y-cultura","tag-grid","tag-news","tag-slider"],"_links":{"self":[{"href":"http:\/\/elobservatorio.com.mx\/index.php?rest_route=\/wp\/v2\/posts\/6992"}],"collection":[{"href":"http:\/\/elobservatorio.com.mx\/index.php?rest_route=\/wp\/v2\/posts"}],"about":[{"href":"http:\/\/elobservatorio.com.mx\/index.php?rest_route=\/wp\/v2\/types\/post"}],"author":[{"embeddable":true,"href":"http:\/\/elobservatorio.com.mx\/index.php?rest_route=\/wp\/v2\/users\/2"}],"replies":[{"embeddable":true,"href":"http:\/\/elobservatorio.com.mx\/index.php?rest_route=%2Fwp%2Fv2%2Fcomments&post=6992"}],"version-history":[{"count":0,"href":"http:\/\/elobservatorio.com.mx\/index.php?rest_route=\/wp\/v2\/posts\/6992\/revisions"}],"wp:featuredmedia":[{"embeddable":true,"href":"http:\/\/elobservatorio.com.mx\/index.php?rest_route=\/wp\/v2\/media\/6993"}],"wp:attachment":[{"href":"http:\/\/elobservatorio.com.mx\/index.php?rest_route=%2Fwp%2Fv2%2Fmedia&parent=6992"}],"wp:term":[{"taxonomy":"category","embeddable":true,"href":"http:\/\/elobservatorio.com.mx\/index.php?rest_route=%2Fwp%2Fv2%2Fcategories&post=6992"},{"taxonomy":"post_tag","embeddable":true,"href":"http:\/\/elobservatorio.com.mx\/index.php?rest_route=%2Fwp%2Fv2%2Ftags&post=6992"}],"curies":[{"name":"wp","href":"https:\/\/api.w.org\/{rel}","templated":true}]}}