{"id":7000,"date":"2019-09-10T00:01:28","date_gmt":"2019-09-10T00:01:28","guid":{"rendered":"http:\/\/elobservatorio.com.mx\/entrega-victor-torres-300-apoyos-escolares"},"modified":"2019-09-10T00:01:28","modified_gmt":"2019-09-10T00:01:28","slug":"entrega-victor-torres-300-apoyos-escolares","status":"publish","type":"post","link":"http:\/\/elobservatorio.com.mx\/?p=7000","title":{"rendered":"Entrega V\u00edctor Torres 300 apoyos escolares"},"content":{"rendered":"<p>Colima, Col.- El Presidente Nacional de la Comisi\u00f3n Mexicana de la Juventud (COMJUVE), V\u00edctor Torres L\u00f3pez, entreg\u00f3 300 apoyos escolares a estudiantes de todos los niveles educativos en el Estado.<\/p>\n<p>Torres L\u00f3pez, destac\u00f3 que este programa es financiado en gran parte por sus ahorros y de aportaciones de personas altruistas.<\/p>\n<p>El dirigente juvenil, V\u00edctor Torres L\u00f3pez, enfatiz\u00f3 que a\u00f1o con a\u00f1o ha impulsado este programa de becas escolares que busca sacar adelante a muchos j\u00f3venes y que no forma parte de Gobierno, por lo que se espera que el a\u00f1o 2020 siga creciendo la meta de los apoyos.<\/p>\n<p>Finalmente V\u00edctor Torres agradeci\u00f3 el apoyo de la ex regidora de Colima Lucero Reynoso, del joven Carlos Zurita, Edgar Ochoa, del Regidor Jos\u00e9 C\u00e1rdenas, entre algunos otros.<\/p>\n","protected":false},"excerpt":{"rendered":"<p>Colima, Col.- El Presidente Nacional de la Comisi\u00f3n Mexicana de la Juventud (COMJUVE), V\u00edctor Torres L\u00f3pez, entreg\u00f3 300 apoyos escolares a estudiantes de todos los niveles educativos en el Estado. Torres L\u00f3pez, destac\u00f3 que este programa es financiado en gran parte por sus ahorros y de aportaciones de personas altruistas. El dirigente juvenil, V\u00edctor Torres&#8230;<\/p>\n","protected":false},"author":2,"featured_media":7001,"comment_status":"open","ping_status":"open","sticky":false,"template":"","format":"standard","meta":{"footnotes":""},"categories":[10],"tags":[29,30,28],"class_list":["post-7000","post","type-post","status-publish","format-standard","has-post-thumbnail","hentry","category-politica","tag-grid","tag-news","tag-slider"],"_links":{"self":[{"href":"http:\/\/elobservatorio.com.mx\/index.php?rest_route=\/wp\/v2\/posts\/7000"}],"collection":[{"href":"http:\/\/elobservatorio.com.mx\/index.php?rest_route=\/wp\/v2\/posts"}],"about":[{"href":"http:\/\/elobservatorio.com.mx\/index.php?rest_route=\/wp\/v2\/types\/post"}],"author":[{"embeddable":true,"href":"http:\/\/elobservatorio.com.mx\/index.php?rest_route=\/wp\/v2\/users\/2"}],"replies":[{"embeddable":true,"href":"http:\/\/elobservatorio.com.mx\/index.php?rest_route=%2Fwp%2Fv2%2Fcomments&post=7000"}],"version-history":[{"count":0,"href":"http:\/\/elobservatorio.com.mx\/index.php?rest_route=\/wp\/v2\/posts\/7000\/revisions"}],"wp:featuredmedia":[{"embeddable":true,"href":"http:\/\/elobservatorio.com.mx\/index.php?rest_route=\/wp\/v2\/media\/7001"}],"wp:attachment":[{"href":"http:\/\/elobservatorio.com.mx\/index.php?rest_route=%2Fwp%2Fv2%2Fmedia&parent=7000"}],"wp:term":[{"taxonomy":"category","embeddable":true,"href":"http:\/\/elobservatorio.com.mx\/index.php?rest_route=%2Fwp%2Fv2%2Fcategories&post=7000"},{"taxonomy":"post_tag","embeddable":true,"href":"http:\/\/elobservatorio.com.mx\/index.php?rest_route=%2Fwp%2Fv2%2Ftags&post=7000"}],"curies":[{"name":"wp","href":"https:\/\/api.w.org\/{rel}","templated":true}]}}