{"id":703,"date":"2018-11-28T18:08:06","date_gmt":"2018-11-28T18:08:06","guid":{"rendered":"http:\/\/elobservatorio.com.mx\/dif-municipal-amplia-sus-servicios-con-examenes-de-la-vista-gratuitos"},"modified":"2018-11-28T18:08:06","modified_gmt":"2018-11-28T18:08:06","slug":"dif-municipal-amplia-sus-servicios-con-examenes-de-la-vista-gratuitos","status":"publish","type":"post","link":"http:\/\/elobservatorio.com.mx\/?p=703","title":{"rendered":"Dif municipal ampl\u00eda sus servicios con ex\u00e1menes de la vista gratuitos"},"content":{"rendered":"<p>El DIF municipal Cuauht\u00e9moc que encabeza su presidenta,\u00a0 Marily Mendoza God\u00ednez, y el director David Garc\u00eda \u00c1lvarez, en coordinaci\u00f3n con m\u00e9dicos oculistas provenientes de la Ciudad de Guadalajara, ponen al servicio de la poblaci\u00f3n ex\u00e1menes de la vista totalmente gratuitos y la adaptaci\u00f3n de lentes a bajo costo.<\/p>\n<p>La titular del Sistema municipal para el Desarrollo Integral de la Familia, Marily Mendoza, puntualiz\u00f3 que este servicio dio arranque este martes 27 de noviembre en los portales de la presidencia municipal, en donde los m\u00e9dicos especialistas se instalaron desde las diez de la ma\u00f1ana y hasta las 3:00 de la tarde,\u00a0 para brindar servicio a los vecinos de la Cabecera municipal.<\/p>\n<p>Adelant\u00f3 que el pr\u00f3ximo lunes 3 de diciembre estar\u00e1n\u00a0 tambi\u00e9n en la localidad de Queser\u00eda y,\u00a0 en fechas posteriores,\u00a0 en el resto de las comunidades,\u00a0 por lo que invit\u00f3\u00a0 a la poblaci\u00f3n a mantenerse al tanto de d\u00edas y horarios de servicio, pues oportunamente se les estar\u00e1 dando a conocer\u00a0 a trav\u00e9s de la propia instituci\u00f3n.<\/p>\n<p>Mendoza God\u00ednez dijo que todas estas acciones forman parte del objetivo del DIF municipal de\u00a0 apoyar,\u00a0 lo m\u00e1s posible,\u00a0 a todos los sectores de la poblaci\u00f3n, especialmente los m\u00e1s necesitados,\u00a0 y record\u00f3 que en muchos casos, cuando hay problemas de la vista y \u00e9stos no se detectan y tratan a tiempo, pueden repercutir en otros aspectos,\u00a0 pero ejemplo,\u00a0 en el caso de ni\u00f1os en edad escolar, impide un correcto aprendizaje. Por ello invit\u00f3 a aprovechar esta oportunidad y realizarse un examen de la vista de forma gratuita.<\/p>\n","protected":false},"excerpt":{"rendered":"<p>El DIF municipal Cuauht\u00e9moc que encabeza su presidenta,\u00a0 Marily Mendoza God\u00ednez, y el director David Garc\u00eda \u00c1lvarez, en coordinaci\u00f3n con m\u00e9dicos oculistas provenientes de la Ciudad de Guadalajara, ponen al servicio de la poblaci\u00f3n ex\u00e1menes de la vista totalmente gratuitos y la adaptaci\u00f3n de lentes a bajo costo. La titular del Sistema municipal para el&#8230;<\/p>\n","protected":false},"author":2,"featured_media":704,"comment_status":"open","ping_status":"open","sticky":false,"template":"","format":"standard","meta":{"footnotes":""},"categories":[40,8],"tags":[29,30,28],"class_list":["post-703","post","type-post","status-publish","format-standard","has-post-thumbnail","hentry","category-cuauhtemoc","category-municipios","tag-grid","tag-news","tag-slider"],"_links":{"self":[{"href":"http:\/\/elobservatorio.com.mx\/index.php?rest_route=\/wp\/v2\/posts\/703"}],"collection":[{"href":"http:\/\/elobservatorio.com.mx\/index.php?rest_route=\/wp\/v2\/posts"}],"about":[{"href":"http:\/\/elobservatorio.com.mx\/index.php?rest_route=\/wp\/v2\/types\/post"}],"author":[{"embeddable":true,"href":"http:\/\/elobservatorio.com.mx\/index.php?rest_route=\/wp\/v2\/users\/2"}],"replies":[{"embeddable":true,"href":"http:\/\/elobservatorio.com.mx\/index.php?rest_route=%2Fwp%2Fv2%2Fcomments&post=703"}],"version-history":[{"count":0,"href":"http:\/\/elobservatorio.com.mx\/index.php?rest_route=\/wp\/v2\/posts\/703\/revisions"}],"wp:featuredmedia":[{"embeddable":true,"href":"http:\/\/elobservatorio.com.mx\/index.php?rest_route=\/wp\/v2\/media\/704"}],"wp:attachment":[{"href":"http:\/\/elobservatorio.com.mx\/index.php?rest_route=%2Fwp%2Fv2%2Fmedia&parent=703"}],"wp:term":[{"taxonomy":"category","embeddable":true,"href":"http:\/\/elobservatorio.com.mx\/index.php?rest_route=%2Fwp%2Fv2%2Fcategories&post=703"},{"taxonomy":"post_tag","embeddable":true,"href":"http:\/\/elobservatorio.com.mx\/index.php?rest_route=%2Fwp%2Fv2%2Ftags&post=703"}],"curies":[{"name":"wp","href":"https:\/\/api.w.org\/{rel}","templated":true}]}}