{"id":709,"date":"2018-11-28T18:50:14","date_gmt":"2018-11-28T18:50:14","guid":{"rendered":"http:\/\/elobservatorio.com.mx\/capacita-pc-a-mas-de-140-maestras-y-directoras-de-estancias-infantiles"},"modified":"2018-11-28T18:50:14","modified_gmt":"2018-11-28T18:50:14","slug":"capacita-pc-a-mas-de-140-maestras-y-directoras-de-estancias-infantiles","status":"publish","type":"post","link":"http:\/\/elobservatorio.com.mx\/?p=709","title":{"rendered":"Capacita PC a m\u00e1s de 140 maestras y directoras de estancias infantiles"},"content":{"rendered":"<p>La Unidad Municipal de Protecci\u00f3n Civil de Tecom\u00e1n que encabeza Enrique Manuel Sep\u00falveda Rodr\u00edguez inform\u00f3 que gracias a la preocupaci\u00f3n del Presidente Municipal El\u00edas Antonio Lozano Ochoa m\u00e1s de 140 personas entre maestras y directoras de estancias infantiles y guarder\u00edas del municipio de Tecom\u00e1n, se pudieron capacitar el pasado martes en el marco de un evento que dur\u00f3 varias horas y que se llev\u00f3 a cabo en las instalaciones de la Casa de la Cultura.<\/p>\n<p>Destac\u00f3 Sep\u00falveda Rodr\u00edguez que hubo una excelente participaci\u00f3n, y se trabaj\u00f3 con 4 talleres: primeros auxilios, uso y manejo de extintores, se\u00f1alizaci\u00f3n b\u00fasqueda y rescate y programa interno de protecci\u00f3n civil.<\/p>\n<p>Asimismo dijo que se est\u00e1n integrando brigadas en todas las estancias infantiles de todo el municipio, en donde las actividades principales giran en torno a una correcta capacitaci\u00f3n es decir, que las labores de primeros auxilios est\u00e1n enfocadas a saber manejar una situaci\u00f3n de emergencia con ni\u00f1os, ya que esa es la poblaci\u00f3n escolar que ellas manejan \u201cse les ense\u00f1aron las diferentes t\u00e9cnicas que existen para poderse aplicar, con el apoyo de unos maniqu\u00edes propiedad de Protecci\u00f3n Civil del Estado\u201d.<\/p>\n<p>En el uso y manejo de extintores se les ense\u00f1aron las diferentes fases de un incendio \u201cel c\u00f3mo se propaga, las recomendaciones que se deben de tener para que eso no suceda y en caso de que ya est\u00e9 pues se les mostraron las diferentes t\u00e9cnicas para poder combatir un incendio, ya sea con extintores o los diferentes m\u00e9todos que se pueden aplicar al igual que los conocimientos b\u00e1sicos\u201d.<\/p>\n<p>Finalmente el titular de PC abund\u00f3 que faltar\u00edan por capacitarse 160 maestras y directoras de las estancias infantiles del IMSS y del ISSSTE, quienes en breve ser\u00e1n convocados, para concluir con esta etapa de capacitaci\u00f3n, que ofrece el Ayuntamiento de Tecom\u00e1n, a trav\u00e9s de la Unidad Municipal de Protecci\u00f3n Civil.<\/p>\n","protected":false},"excerpt":{"rendered":"<p>La Unidad Municipal de Protecci\u00f3n Civil de Tecom\u00e1n que encabeza Enrique Manuel Sep\u00falveda Rodr\u00edguez inform\u00f3 que gracias a la preocupaci\u00f3n del Presidente Municipal El\u00edas Antonio Lozano Ochoa m\u00e1s de 140 personas entre maestras y directoras de estancias infantiles y guarder\u00edas del municipio de Tecom\u00e1n, se pudieron capacitar el pasado martes en el marco de un&#8230;<\/p>\n","protected":false},"author":2,"featured_media":710,"comment_status":"open","ping_status":"open","sticky":false,"template":"","format":"standard","meta":{"footnotes":""},"categories":[8,34],"tags":[29,30,28],"class_list":["post-709","post","type-post","status-publish","format-standard","has-post-thumbnail","hentry","category-municipios","category-tecoman","tag-grid","tag-news","tag-slider"],"_links":{"self":[{"href":"http:\/\/elobservatorio.com.mx\/index.php?rest_route=\/wp\/v2\/posts\/709"}],"collection":[{"href":"http:\/\/elobservatorio.com.mx\/index.php?rest_route=\/wp\/v2\/posts"}],"about":[{"href":"http:\/\/elobservatorio.com.mx\/index.php?rest_route=\/wp\/v2\/types\/post"}],"author":[{"embeddable":true,"href":"http:\/\/elobservatorio.com.mx\/index.php?rest_route=\/wp\/v2\/users\/2"}],"replies":[{"embeddable":true,"href":"http:\/\/elobservatorio.com.mx\/index.php?rest_route=%2Fwp%2Fv2%2Fcomments&post=709"}],"version-history":[{"count":0,"href":"http:\/\/elobservatorio.com.mx\/index.php?rest_route=\/wp\/v2\/posts\/709\/revisions"}],"wp:featuredmedia":[{"embeddable":true,"href":"http:\/\/elobservatorio.com.mx\/index.php?rest_route=\/wp\/v2\/media\/710"}],"wp:attachment":[{"href":"http:\/\/elobservatorio.com.mx\/index.php?rest_route=%2Fwp%2Fv2%2Fmedia&parent=709"}],"wp:term":[{"taxonomy":"category","embeddable":true,"href":"http:\/\/elobservatorio.com.mx\/index.php?rest_route=%2Fwp%2Fv2%2Fcategories&post=709"},{"taxonomy":"post_tag","embeddable":true,"href":"http:\/\/elobservatorio.com.mx\/index.php?rest_route=%2Fwp%2Fv2%2Ftags&post=709"}],"curies":[{"name":"wp","href":"https:\/\/api.w.org\/{rel}","templated":true}]}}