{"id":7125,"date":"2019-09-17T20:12:33","date_gmt":"2019-09-17T20:12:33","guid":{"rendered":"http:\/\/elobservatorio.com.mx\/piloto-de-interjet-propuso-lanzar-bomba-en-el-zocalo-durante-el-grito"},"modified":"2019-09-17T20:12:33","modified_gmt":"2019-09-17T20:12:33","slug":"piloto-de-interjet-propuso-lanzar-bomba-en-el-zocalo-durante-el-grito","status":"publish","type":"post","link":"http:\/\/elobservatorio.com.mx\/?p=7125","title":{"rendered":"Piloto de Interjet propuso lanzar bomba en el Z\u00f3calo durante el Grito"},"content":{"rendered":"<p><em>*Difundi\u00f3 el mensaje en Facebook durante el Grito de Independencia<\/em><\/p>\n<p><b>Ciudad de M\u00e9xico.-<\/b>\u00a0Una piloto, presuntamente de\u00a0<b>Interjet<\/b>, public\u00f3 en redes sociales un mensaje que algunos acusaron de incitar a\u00a0<b>\u00abrealizar actos terroristas y genocidas\u00bb<\/b>, por lo que la aerol\u00ednea ya revisa el caso.<\/p>\n<p>\u00abDeber\u00eda de caer una bomba en el z\u00f3calo&#8230; nos ayudar\u00eda un favor a todos\u00bb, public\u00f3 en\u00a0<b>Facebook<\/b>\u00a0la presunta piloto, que fue identificada en redes como\u00a0<b>Al\u00ed Ximena Garc\u00eda<\/b>, primer oficial de Interjet.<\/p>\n<p><img loading=\"lazy\" decoding=\"async\" src=\"https:\/\/www.zocalo.com.mx\/images\/uploads\/blog\/facebook-interjet-piloto.jpg\" alt=\"\" width=\"357\" height=\"350\" \/><\/p>\n<p>\u00abYo te apoyo\u00bb, respondi\u00f3 a dicha publicaci\u00f3n Gabriela Garc\u00eda, tambi\u00e9n se\u00f1alada como empleada de la aerol\u00ednea.<\/p>\n<p>Ante cr\u00edticas en redes sociales, la aerol\u00ednea asegur\u00f3 que est\u00e1 \u00abrevisando internamente esta situaci\u00f3n. En Interjet tenemos una cultura de cero tolerancia hacia la violencia, estamos comprometidos 100% con la seguridad en todos los niveles\u00bb<\/p>\n<p>Esta ma\u00f1ana Interjet emiti\u00f3 un comunicado en la que descalifica la publicaci\u00f3n de una de sus pilotos, quien dese\u00f3 que cayera una bomba en el Z\u00f3calo mientras se realizaban las fiestas patrias el pasado fin de semana.<\/p>\n<p>A trav\u00e9s de su cuenta de Twitter, Interjet lament\u00f3 la \u201cpublicaci\u00f3n en redes sociales atribuida a una de sus colaboradoras, misma que no representa los valores, la visi\u00f3n, ni la posici\u00f3n de la empresa\u201d.<\/p>\n<p>\u201cInterjet se encuentra haciendo una detallada investigaci\u00f3n interna alrededor de esta penosa situaci\u00f3n. La empresa reitera su compromiso total con la seguridad, la tolerancia, el respeto y el rechazo a cualquier manifestaci\u00f3n de violencia\u201d, escribi\u00f3 la aerol\u00ednea.<\/p>\n<p>Cabe resaltar que, aunque la empresa a\u00fan no confirma que la piloto forma parte de su empresa, el pasado 8 de marzo -d\u00eda en que se conmemora a la mujer- la cuenta oficial de Interjet comparti\u00f3 una imagen en la que reconoce la labor de Ximena como auxiliar de la capitana.<\/p>\n<div><img decoding=\"async\" src=\"https:\/\/www.zocalo.com.mx\/?ACT=47&amp;t=1&amp;i=1628025\" alt=\"\" \/><\/div>\n","protected":false},"excerpt":{"rendered":"<p>*Difundi\u00f3 el mensaje en Facebook durante el Grito de Independencia Ciudad de M\u00e9xico.-\u00a0Una piloto, presuntamente de\u00a0Interjet, public\u00f3 en redes sociales un mensaje que algunos acusaron de incitar a\u00a0\u00abrealizar actos terroristas y genocidas\u00bb, por lo que la aerol\u00ednea ya revisa el caso. \u00abDeber\u00eda de caer una bomba en el z\u00f3calo&#8230; nos ayudar\u00eda un favor a todos\u00bb,&#8230;<\/p>\n","protected":false},"author":2,"featured_media":7126,"comment_status":"open","ping_status":"open","sticky":false,"template":"","format":"standard","meta":{"footnotes":""},"categories":[13],"tags":[29,30,28],"class_list":["post-7125","post","type-post","status-publish","format-standard","has-post-thumbnail","hentry","category-nacion-y-mundo","tag-grid","tag-news","tag-slider"],"_links":{"self":[{"href":"http:\/\/elobservatorio.com.mx\/index.php?rest_route=\/wp\/v2\/posts\/7125"}],"collection":[{"href":"http:\/\/elobservatorio.com.mx\/index.php?rest_route=\/wp\/v2\/posts"}],"about":[{"href":"http:\/\/elobservatorio.com.mx\/index.php?rest_route=\/wp\/v2\/types\/post"}],"author":[{"embeddable":true,"href":"http:\/\/elobservatorio.com.mx\/index.php?rest_route=\/wp\/v2\/users\/2"}],"replies":[{"embeddable":true,"href":"http:\/\/elobservatorio.com.mx\/index.php?rest_route=%2Fwp%2Fv2%2Fcomments&post=7125"}],"version-history":[{"count":0,"href":"http:\/\/elobservatorio.com.mx\/index.php?rest_route=\/wp\/v2\/posts\/7125\/revisions"}],"wp:featuredmedia":[{"embeddable":true,"href":"http:\/\/elobservatorio.com.mx\/index.php?rest_route=\/wp\/v2\/media\/7126"}],"wp:attachment":[{"href":"http:\/\/elobservatorio.com.mx\/index.php?rest_route=%2Fwp%2Fv2%2Fmedia&parent=7125"}],"wp:term":[{"taxonomy":"category","embeddable":true,"href":"http:\/\/elobservatorio.com.mx\/index.php?rest_route=%2Fwp%2Fv2%2Fcategories&post=7125"},{"taxonomy":"post_tag","embeddable":true,"href":"http:\/\/elobservatorio.com.mx\/index.php?rest_route=%2Fwp%2Fv2%2Ftags&post=7125"}],"curies":[{"name":"wp","href":"https:\/\/api.w.org\/{rel}","templated":true}]}}