{"id":7164,"date":"2019-09-18T19:55:55","date_gmt":"2019-09-18T19:55:55","guid":{"rendered":"http:\/\/elobservatorio.com.mx\/anuncian-primer-festival-recreativo-cultural-y-deportivo-piedra-lisa"},"modified":"2019-09-18T19:55:55","modified_gmt":"2019-09-18T19:55:55","slug":"anuncian-primer-festival-recreativo-cultural-y-deportivo-piedra-lisa","status":"publish","type":"post","link":"http:\/\/elobservatorio.com.mx\/?p=7164","title":{"rendered":"Anuncian Primer Festival  Recreativo, Cultural y Deportivo Piedra Lisa"},"content":{"rendered":"<p class=\"x_MsoNormal\"><em>*Este evento se realizar\u00e1 el 30 de octubre y 1 de noviembre, en el Complejo Galv\u00e1n y el Museo Xoloitzcuintle<\/em><\/p>\n<p class=\"x_MsoNormal\">El Gobierno del Estado a trav\u00e9s del Instituto Colimense del Deporte (Incode), anunci\u00f3 el primer Festival Recreativo, Cultural y Deportivo Piedra Lisa, a celebrarse los d\u00edas 30 de octubre y 1 de noviembre, en el Complejo Galv\u00e1n y el Museo Xoloitzcuintle.<\/p>\n<p class=\"x_MsoNormal\">En conferencia de prensa la directora general del Instituto Colimense del Deporte, Ciria Salazar y Rosa Patricia Ahumada Nava, de la empresa Guaikolor, dieron a conocer que este evento se realizar\u00e1 con una serie de actividades en el interior del Complejo Galv\u00e1n y en el parque Piedra Lisa, de manera gratuita.<\/p>\n<p class=\"x_MsoNormal\">Detall\u00f3 que en este proyecto de educaci\u00f3n ambiental, participan organismos empresariales, estatales, municipales, las asociaciones civiles y la Comisi\u00f3n Ciudadana del Complejo Galv\u00e1n, incentivando la participaci\u00f3n ciudadana.<\/p>\n<p class=\"x_MsoNormal\">El Gobierno del Estado de Colima, dijo, apoyar\u00e1 con la parte de la instalaci\u00f3n y de los insumos que se utilicen durante la realizaci\u00f3n de este evento recreativo, el cual, ayudar\u00e1 a la econom\u00eda empresarial.<\/p>\n<p class=\"x_MsoNormal\">Por su parte, Patricia Ahumada Nava, coordinadora de este evento se\u00f1al\u00f3 que se realizar\u00e1n actividades al aire libre y de educaci\u00f3n ambiental, en un evento divertido y familiar, con las elevaciones gratuitas en globos aerost\u00e1ticos anclados (cuatro elevaciones en diferentes horarios).<\/p>\n<p class=\"x_MsoNormal\">Asimismo, indic\u00f3 que se organizan juegos interactivos relacionados con el ciclo del agua y el cuidado ambiental, talleres para ni\u00f1os, barro, f\u00e1brica de pan, pl\u00e1ticas de educaci\u00f3n ambiental, actividades de equilibrio en los \u00e1rboles como el manejo de cuerdas, t\u00faneles a\u00e9reos para ni\u00f1os, cuerdas de equilibrio (con equipo certificado) y, las exposiciones de huertos urbanos, manejo de reciclaje, dispensadores ecol\u00f3gicos de agua.<\/p>\n<p class=\"x_MsoNormal\">Se\u00f1al\u00f3 que tambi\u00e9n habr\u00e1 venta de artesan\u00edas y productos locales, presentaci\u00f3n de grupos musicales locales para j\u00f3venes y familia, venta de comida y cerveza artesanal, exhibici\u00f3n de autos el\u00e9ctricos, entre otros.<\/p>\n<p class=\"x_MsoNormal\">En la rueda de prensa tambi\u00e9n se cont\u00f3 con la presencia de Julio Enrique Ahumada Nava, del Instituto de Innovaci\u00f3n Educativa; Herzain Robles Santos, de la Asociaci\u00f3n de Comercios del Centro y, del empresario Jorge C\u00e1rdenas \u00c1lvarez del Castillo.<\/p>\n<p class=\"x_MsoNormal\">Para mayores informes sobre el festival, quienes est\u00e9n interesados, pueden consultar la p\u00e1gina de internet www.festivalpiedralisa.localizanet.com<\/p>\n","protected":false},"excerpt":{"rendered":"<p>*Este evento se realizar\u00e1 el 30 de octubre y 1 de noviembre, en el Complejo Galv\u00e1n y el Museo Xoloitzcuintle El Gobierno del Estado a trav\u00e9s del Instituto Colimense del Deporte (Incode), anunci\u00f3 el primer Festival Recreativo, Cultural y Deportivo Piedra Lisa, a celebrarse los d\u00edas 30 de octubre y 1 de noviembre, en el&#8230;<\/p>\n","protected":false},"author":2,"featured_media":7165,"comment_status":"open","ping_status":"open","sticky":false,"template":"","format":"standard","meta":{"footnotes":""},"categories":[21],"tags":[29,30,28],"class_list":["post-7164","post","type-post","status-publish","format-standard","has-post-thumbnail","hentry","category-deportes","tag-grid","tag-news","tag-slider"],"_links":{"self":[{"href":"http:\/\/elobservatorio.com.mx\/index.php?rest_route=\/wp\/v2\/posts\/7164"}],"collection":[{"href":"http:\/\/elobservatorio.com.mx\/index.php?rest_route=\/wp\/v2\/posts"}],"about":[{"href":"http:\/\/elobservatorio.com.mx\/index.php?rest_route=\/wp\/v2\/types\/post"}],"author":[{"embeddable":true,"href":"http:\/\/elobservatorio.com.mx\/index.php?rest_route=\/wp\/v2\/users\/2"}],"replies":[{"embeddable":true,"href":"http:\/\/elobservatorio.com.mx\/index.php?rest_route=%2Fwp%2Fv2%2Fcomments&post=7164"}],"version-history":[{"count":0,"href":"http:\/\/elobservatorio.com.mx\/index.php?rest_route=\/wp\/v2\/posts\/7164\/revisions"}],"wp:featuredmedia":[{"embeddable":true,"href":"http:\/\/elobservatorio.com.mx\/index.php?rest_route=\/wp\/v2\/media\/7165"}],"wp:attachment":[{"href":"http:\/\/elobservatorio.com.mx\/index.php?rest_route=%2Fwp%2Fv2%2Fmedia&parent=7164"}],"wp:term":[{"taxonomy":"category","embeddable":true,"href":"http:\/\/elobservatorio.com.mx\/index.php?rest_route=%2Fwp%2Fv2%2Fcategories&post=7164"},{"taxonomy":"post_tag","embeddable":true,"href":"http:\/\/elobservatorio.com.mx\/index.php?rest_route=%2Fwp%2Fv2%2Ftags&post=7164"}],"curies":[{"name":"wp","href":"https:\/\/api.w.org\/{rel}","templated":true}]}}