{"id":731,"date":"2018-11-29T02:02:21","date_gmt":"2018-11-29T02:02:21","guid":{"rendered":"http:\/\/elobservatorio.com.mx\/anuncia-incode-carrera-juntos-con-amor-para-el-2-de-diciembre"},"modified":"2018-11-29T02:02:21","modified_gmt":"2018-11-29T02:02:21","slug":"anuncia-incode-carrera-juntos-con-amor-para-el-2-de-diciembre","status":"publish","type":"post","link":"http:\/\/elobservatorio.com.mx\/?p=731","title":{"rendered":"Anuncia Incode Carrera Juntos con Amor para el 2 de diciembre"},"content":{"rendered":"<p class=\"x_MsoNormal\">La Asociaci\u00f3n Caminemos Juntos con Amor en coordinaci\u00f3n con el Gobierno del Estado, a trav\u00e9s del Instituto Colimense del Deporte llevar\u00e1n a cabo la Carrera Juntos con Amor 2018, el pr\u00f3ximo domingo 2 de diciembre, a partir de las 7:30 horas, inform\u00f3 el director del Incode, Fernando Mendoza Padilla.<\/p>\n<p class=\"x_MsoNormal\">Coment\u00f3 que esta carrera se desarrollar\u00e1 durante en la v\u00eda recreactiva, que se lleva a cabo cada domingo, con salida y meta en la Avenida Sevilla del R\u00edo, frente a la tienda Sam\u00b4s hasta el hotel Mar\u00eda Isabel y de regreso.<\/p>\n<p class=\"x_MsoNormal\">Las categor\u00edas participantes son: infantil, personas con discapacidad, adultos mayores y familiar recreativa; habr\u00e1 premiaci\u00f3n para los primeros tres lugares de cada categor\u00eda e incluye medalla, n\u00famero y kit de hidrataci\u00f3n y de recuperaci\u00f3n.<\/p>\n<p class=\"x_MsoNormal\">Cabe destacar que las inscripciones son de manera gratuita llevando un kilo de ayuda como: frijol, arroz, az\u00facar. Habr\u00e1 premios sorpresas durante la celebraci\u00f3n de este evento de actividad f\u00edsica.<\/p>\n<p class=\"x_MsoNormal\">Para mayores informes en la Direcci\u00f3n de Fomento Deportivo, en R\u00edo San Antonio #534. Colonia, Placetas Estadio al tel\u00e9fono: 31 6 38 39, as\u00ed como en avenida Revoluci\u00f3n 370, Colima, Centro, o llamar a los n\u00fameros 159 7816, 312 162 77 24 y al 312 59 4 83 46, en la p\u00e1gina de Facebook Caminemos Juntos con Amor, Luz y Esperanza o sitio web www.caminemosjuntosconamor.org.<\/p>\n<p class=\"x_MsoNormal\">Finalmente, en visita realizada al Incode por la presidenta fundadora de la Asociaci\u00f3n Caminemos Juntos con Amor, \u00c1ngeles Rivera Osuna, entreg\u00f3 de un reconocimiento al titular del Incode por el apoyo recibido durante la edici\u00f3n 2017 de este evento deportivo.<\/p>\n<p class=\"x_MsoNormal\">\n","protected":false},"excerpt":{"rendered":"<p>La Asociaci\u00f3n Caminemos Juntos con Amor en coordinaci\u00f3n con el Gobierno del Estado, a trav\u00e9s del Instituto Colimense del Deporte llevar\u00e1n a cabo la Carrera Juntos con Amor 2018, el pr\u00f3ximo domingo 2 de diciembre, a partir de las 7:30 horas, inform\u00f3 el director del Incode, Fernando Mendoza Padilla. Coment\u00f3 que esta carrera se desarrollar\u00e1&#8230;<\/p>\n","protected":false},"author":2,"featured_media":732,"comment_status":"open","ping_status":"open","sticky":false,"template":"","format":"standard","meta":{"footnotes":""},"categories":[21],"tags":[29,30,28],"class_list":["post-731","post","type-post","status-publish","format-standard","has-post-thumbnail","hentry","category-deportes","tag-grid","tag-news","tag-slider"],"_links":{"self":[{"href":"http:\/\/elobservatorio.com.mx\/index.php?rest_route=\/wp\/v2\/posts\/731"}],"collection":[{"href":"http:\/\/elobservatorio.com.mx\/index.php?rest_route=\/wp\/v2\/posts"}],"about":[{"href":"http:\/\/elobservatorio.com.mx\/index.php?rest_route=\/wp\/v2\/types\/post"}],"author":[{"embeddable":true,"href":"http:\/\/elobservatorio.com.mx\/index.php?rest_route=\/wp\/v2\/users\/2"}],"replies":[{"embeddable":true,"href":"http:\/\/elobservatorio.com.mx\/index.php?rest_route=%2Fwp%2Fv2%2Fcomments&post=731"}],"version-history":[{"count":0,"href":"http:\/\/elobservatorio.com.mx\/index.php?rest_route=\/wp\/v2\/posts\/731\/revisions"}],"wp:featuredmedia":[{"embeddable":true,"href":"http:\/\/elobservatorio.com.mx\/index.php?rest_route=\/wp\/v2\/media\/732"}],"wp:attachment":[{"href":"http:\/\/elobservatorio.com.mx\/index.php?rest_route=%2Fwp%2Fv2%2Fmedia&parent=731"}],"wp:term":[{"taxonomy":"category","embeddable":true,"href":"http:\/\/elobservatorio.com.mx\/index.php?rest_route=%2Fwp%2Fv2%2Fcategories&post=731"},{"taxonomy":"post_tag","embeddable":true,"href":"http:\/\/elobservatorio.com.mx\/index.php?rest_route=%2Fwp%2Fv2%2Ftags&post=731"}],"curies":[{"name":"wp","href":"https:\/\/api.w.org\/{rel}","templated":true}]}}