{"id":7321,"date":"2019-09-26T03:39:13","date_gmt":"2019-09-26T03:39:13","guid":{"rendered":"http:\/\/elobservatorio.com.mx\/felipe-cruz-visita-a-homologo-de-tlajomulco-de-zuniga-para-difundir-ii-congreso-mundial-infantil"},"modified":"2019-09-26T03:39:13","modified_gmt":"2019-09-26T03:39:13","slug":"felipe-cruz-visita-a-homologo-de-tlajomulco-de-zuniga-para-difundir-ii-congreso-mundial-infantil","status":"publish","type":"post","link":"http:\/\/elobservatorio.com.mx\/?p=7321","title":{"rendered":"Felipe Cruz Visita a Hom\u00f3logo de Tlajomulco de Z\u00fa\u00f1iga, para Difundir II Congreso Mundial Infantil"},"content":{"rendered":"<p>El Presidente Municipal de Villa de \u00c1lvarez, Felipe Cruz Calvario, la ma\u00f1ana de este mi\u00e9rcoles visit\u00f3 a su hom\u00f3logo de Tlajomulco de Z\u00fa\u00f1iga, Salvador Zamora Zamora, para coordinarse en la difusi\u00f3n y convocatoria a participar en el Segundo Congreso Mundial sobre Infancia y Adolescencia, a desarrollarse en la Facultad de Ciencias Pol\u00edticas y Sociales de la Universidad de Colima, del 9 al 11 de Octubre.<\/p>\n<p>Este Congreso Mundial, en el que participar\u00e1n ponentes nacionales e internacionales, es organizado por Karina Marisol Heredia Guzm\u00e1n, S\u00edndico del Ayuntamiento de Villa de \u00c1lvarez, quien tambi\u00e9n particip\u00f3 en esta reuni\u00f3n con los alcaldes de Villa de \u00c1lvarez y de Tlajomulco de Z\u00fa\u00f1iga.<\/p>\n<p>Este Congreso Mundial es el segundo, considerando que al cierre del 2018 el I Congreso de esta naturaleza se organiz\u00f3 en Marruecos; al respecto, ciudadanos e instituciones interesados en participar en este evento, pueden informarse en <em>congresomundialdeinfanciayadolescencia.com<\/em>.<\/p>\n<p>Durante esta reuni\u00f3n de los alcaldes villalvarense y jalisciense, en la oficina del segundo, adem\u00e1s de la S\u00edndico Karina Heredia Guzm\u00e1n estuvieron presentes el Regidor y el Oficial Mayor de aquella municipalidad, C\u00e9sar Francisco Padilla Ch\u00e1vez y C\u00e9sar Efra\u00edn Vald\u00e9s Moreno.<\/p>\n","protected":false},"excerpt":{"rendered":"<p>El Presidente Municipal de Villa de \u00c1lvarez, Felipe Cruz Calvario, la ma\u00f1ana de este mi\u00e9rcoles visit\u00f3 a su hom\u00f3logo de Tlajomulco de Z\u00fa\u00f1iga, Salvador Zamora Zamora, para coordinarse en la difusi\u00f3n y convocatoria a participar en el Segundo Congreso Mundial sobre Infancia y Adolescencia, a desarrollarse en la Facultad de Ciencias Pol\u00edticas y Sociales de&#8230;<\/p>\n","protected":false},"author":2,"featured_media":7322,"comment_status":"open","ping_status":"open","sticky":false,"template":"","format":"standard","meta":{"footnotes":""},"categories":[8,42],"tags":[29,30,28],"class_list":["post-7321","post","type-post","status-publish","format-standard","has-post-thumbnail","hentry","category-municipios","category-villa-de-alvarez","tag-grid","tag-news","tag-slider"],"_links":{"self":[{"href":"http:\/\/elobservatorio.com.mx\/index.php?rest_route=\/wp\/v2\/posts\/7321"}],"collection":[{"href":"http:\/\/elobservatorio.com.mx\/index.php?rest_route=\/wp\/v2\/posts"}],"about":[{"href":"http:\/\/elobservatorio.com.mx\/index.php?rest_route=\/wp\/v2\/types\/post"}],"author":[{"embeddable":true,"href":"http:\/\/elobservatorio.com.mx\/index.php?rest_route=\/wp\/v2\/users\/2"}],"replies":[{"embeddable":true,"href":"http:\/\/elobservatorio.com.mx\/index.php?rest_route=%2Fwp%2Fv2%2Fcomments&post=7321"}],"version-history":[{"count":0,"href":"http:\/\/elobservatorio.com.mx\/index.php?rest_route=\/wp\/v2\/posts\/7321\/revisions"}],"wp:featuredmedia":[{"embeddable":true,"href":"http:\/\/elobservatorio.com.mx\/index.php?rest_route=\/wp\/v2\/media\/7322"}],"wp:attachment":[{"href":"http:\/\/elobservatorio.com.mx\/index.php?rest_route=%2Fwp%2Fv2%2Fmedia&parent=7321"}],"wp:term":[{"taxonomy":"category","embeddable":true,"href":"http:\/\/elobservatorio.com.mx\/index.php?rest_route=%2Fwp%2Fv2%2Fcategories&post=7321"},{"taxonomy":"post_tag","embeddable":true,"href":"http:\/\/elobservatorio.com.mx\/index.php?rest_route=%2Fwp%2Fv2%2Ftags&post=7321"}],"curies":[{"name":"wp","href":"https:\/\/api.w.org\/{rel}","templated":true}]}}