{"id":734,"date":"2018-11-29T02:14:01","date_gmt":"2018-11-29T02:14:01","guid":{"rendered":"http:\/\/elobservatorio.com.mx\/ma-elena-abaroa-manifiesta-respaldo-y-solidaridad-a-enrique-alfaro"},"modified":"2018-11-29T02:14:01","modified_gmt":"2018-11-29T02:14:01","slug":"ma-elena-abaroa-manifiesta-respaldo-y-solidaridad-a-enrique-alfaro","status":"publish","type":"post","link":"http:\/\/elobservatorio.com.mx\/?p=734","title":{"rendered":"Ma. Elena Abaroa manifiesta respaldo y solidaridad a Enrique Alfaro"},"content":{"rendered":"<p>La Coordinadora Estatal de Movimiento Ciudadano en Colima, Mar\u00eda Elena Abaroa L\u00f3pez, dio a conocer un pronunciamiento que brinda respaldo al gobernador electo de Jalisco, Enrique Alfaro. Lo anterior debido a recientes declaraciones donde destaca el respeto al pacto federal y por ende a la soberan\u00eda que se sustenta en las constituciones pol\u00edticas locales, esto en alusi\u00f3n al nuevo modelo de gobierno federal anunciado por el Presidente electo Andr\u00e9s Manuel L\u00f3pez Obrador.<\/p>\n<p>En rueda de prensa Mar\u00eda Elena enfatiz\u00f3 que \u201cnos unimos a la voz que exige respeto a la democracia y a los sufragios que legitiman a los gobiernos estatales y municipales; y por tanto, exigimos respeto a la poblaci\u00f3n en sus decisiones y necesidades, en cuya atenci\u00f3n existe corresponsabilidad de los tres \u00f3rdenes de gobierno\u201d.<\/p>\n<p>Por ello, manifest\u00f3 que desde Movimiento Ciudadano en Colima expresan su solidaridad y apoyo al gobernador electo por dicho partido en Jalisco. Adem\u00e1s, dijo reconocer los resultados de su gesti\u00f3n haciendo buen gobierno, transparente, de cuentas claras\u00a0 y con respeto a la Constituci\u00f3n y a las leyes que de ella devienen.<\/p>\n<p>Abaroa L\u00f3pez dejo en claro que Movimiento Ciudadano quiere que el Presidente electo y el Congreso de la Uni\u00f3n tomen las decisiones que contribuyan a salvar al pa\u00eds, lo que s\u00f3lo lograr\u00e1n, en un marco de respeto al pacto federal y a las atribuciones y responsabilidades que tiene cada orden de gobierno.<\/p>\n<p>\u201cOjal\u00e1 sean escuchadas nuestras voces, porque estamos seguros de que no somos una voz en el desierto, estamos seguros que son muchas voces en el pa\u00eds que est\u00e1n atentos a lo que est\u00e1 haciendo cada una de las autoridades que elegimos y estamos esperando de ellas la mejor respuesta, la respuesta que le d\u00e9 a este pa\u00eds el rumbo, el camino y el destino que merece y necesita\u201d finaliz\u00f3.<\/p>\n","protected":false},"excerpt":{"rendered":"<p>La Coordinadora Estatal de Movimiento Ciudadano en Colima, Mar\u00eda Elena Abaroa L\u00f3pez, dio a conocer un pronunciamiento que brinda respaldo al gobernador electo de Jalisco, Enrique Alfaro. Lo anterior debido a recientes declaraciones donde destaca el respeto al pacto federal y por ende a la soberan\u00eda que se sustenta en las constituciones pol\u00edticas locales, esto&#8230;<\/p>\n","protected":false},"author":2,"featured_media":737,"comment_status":"open","ping_status":"open","sticky":false,"template":"","format":"standard","meta":{"footnotes":""},"categories":[10,18],"tags":[29,30,28],"class_list":["post-734","post","type-post","status-publish","format-standard","has-post-thumbnail","hentry","category-politica","category-region","tag-grid","tag-news","tag-slider"],"_links":{"self":[{"href":"http:\/\/elobservatorio.com.mx\/index.php?rest_route=\/wp\/v2\/posts\/734"}],"collection":[{"href":"http:\/\/elobservatorio.com.mx\/index.php?rest_route=\/wp\/v2\/posts"}],"about":[{"href":"http:\/\/elobservatorio.com.mx\/index.php?rest_route=\/wp\/v2\/types\/post"}],"author":[{"embeddable":true,"href":"http:\/\/elobservatorio.com.mx\/index.php?rest_route=\/wp\/v2\/users\/2"}],"replies":[{"embeddable":true,"href":"http:\/\/elobservatorio.com.mx\/index.php?rest_route=%2Fwp%2Fv2%2Fcomments&post=734"}],"version-history":[{"count":0,"href":"http:\/\/elobservatorio.com.mx\/index.php?rest_route=\/wp\/v2\/posts\/734\/revisions"}],"wp:featuredmedia":[{"embeddable":true,"href":"http:\/\/elobservatorio.com.mx\/index.php?rest_route=\/wp\/v2\/media\/737"}],"wp:attachment":[{"href":"http:\/\/elobservatorio.com.mx\/index.php?rest_route=%2Fwp%2Fv2%2Fmedia&parent=734"}],"wp:term":[{"taxonomy":"category","embeddable":true,"href":"http:\/\/elobservatorio.com.mx\/index.php?rest_route=%2Fwp%2Fv2%2Fcategories&post=734"},{"taxonomy":"post_tag","embeddable":true,"href":"http:\/\/elobservatorio.com.mx\/index.php?rest_route=%2Fwp%2Fv2%2Ftags&post=734"}],"curies":[{"name":"wp","href":"https:\/\/api.w.org\/{rel}","templated":true}]}}