{"id":7386,"date":"2019-10-01T00:45:25","date_gmt":"2019-10-01T00:45:25","guid":{"rendered":"http:\/\/elobservatorio.com.mx\/ciudadanos-villalvarenses-a-salvo-de-tormenta-tropical-%e2%80%9cnarda%e2%80%9d-felipe-cruz"},"modified":"2019-10-01T00:45:25","modified_gmt":"2019-10-01T00:45:25","slug":"ciudadanos-villalvarenses-a-salvo-de-tormenta-tropical-%e2%80%9cnarda%e2%80%9d-felipe-cruz","status":"publish","type":"post","link":"http:\/\/elobservatorio.com.mx\/?p=7386","title":{"rendered":"Ciudadanos Villalvarenses, a Salvo de Tormenta Tropical \u201cNarda\u201d: Felipe Cruz"},"content":{"rendered":"<p>Los ciudadanos de Villa de \u00c1lvarez, sus familias y su patrimonio, sortearon muy bien la adversidad provocada por la Tormenta Tropical \u201cNarda\u201d.<\/p>\n<p>As\u00ed lo expres\u00f3 el Presidente Municipal Felipe Cruz, quien agreg\u00f3 que lo m\u00e1s importante es ninguna persona fue lastimada por este fen\u00f3meno clim\u00e1tico, pues \u201clo m\u00e1s importante siempre ser\u00e1 la vida y la salud de los seres humanos\u201d.<\/p>\n<p>Al hacer un recuento de lo provocado por esta tormenta, durante un recorrido por el Arroyo Seco, Cruz Calvario inform\u00f3 que fue muy importante la tarea preventiva que se hizo desde el s\u00e1bado por la ma\u00f1ana, con los equipos municipales de Protecci\u00f3n Civil, Seguridad P\u00fablica, Mantenimiento y Conservaci\u00f3n, y Tr\u00e1nsito y Vialidad, a los que se equip\u00f3 con las herramientas necesarias, y que desde el domingo por la madrugada ya estaban coordinados para las tareas de auxilio a los ciudadanos y reconocimiento de los puntos cr\u00edticos.<\/p>\n<p>El alcalde villalvarense coment\u00f3 que, con relaci\u00f3n a incidentes por esta Tormenta Tropical, fueron derribados por la lluvia y el viento 6 \u00e1rboles; el agua del Arroyo Seco super\u00f3 el puente, por lo que se suspendi\u00f3 el paso durante un par de horas, rumbo a Minatitl\u00e1n; seis viviendas en distintos puntos del municipio sufrieron leve inundaci\u00f3n y en los kil\u00f3metros 18 y 28 de la carretera a Minatitl\u00e1n volvi\u00f3 a darse un par de derrumbes en los cerros, que no lastimaron a nadie.<\/p>\n<p>Todas estas adversidades, que fueron m\u00ednimas, terminaron por ser resueltas con rapidez, por lo que es digno de mencionar la conducta ejemplar de los ciudadanos, en su responsabilidad de prevenirse, y el trabajo desarrollado con la rapidez de cada caso por las y los colaboradores de Protecci\u00f3n Civil Municipal, Seguridad P\u00fablica, Mantenimiento y Conservaci\u00f3n, y Tr\u00e1nsito y Vialidad.<\/p>\n<p>Como lo expresamos con respecto al hurac\u00e1n \u201cLorena\u201d, en este otro caso con \u201cNarda\u201d lo reiteramos; es m\u00e1s importante saber que los villalvarenses estamos bien, concluy\u00f3 Felipe Cruz.<\/p>\n","protected":false},"excerpt":{"rendered":"<p>Los ciudadanos de Villa de \u00c1lvarez, sus familias y su patrimonio, sortearon muy bien la adversidad provocada por la Tormenta Tropical \u201cNarda\u201d. As\u00ed lo expres\u00f3 el Presidente Municipal Felipe Cruz, quien agreg\u00f3 que lo m\u00e1s importante es ninguna persona fue lastimada por este fen\u00f3meno clim\u00e1tico, pues \u201clo m\u00e1s importante siempre ser\u00e1 la vida y la&#8230;<\/p>\n","protected":false},"author":2,"featured_media":7387,"comment_status":"open","ping_status":"open","sticky":false,"template":"","format":"standard","meta":{"footnotes":""},"categories":[8,42],"tags":[29,30,28],"class_list":["post-7386","post","type-post","status-publish","format-standard","has-post-thumbnail","hentry","category-municipios","category-villa-de-alvarez","tag-grid","tag-news","tag-slider"],"_links":{"self":[{"href":"http:\/\/elobservatorio.com.mx\/index.php?rest_route=\/wp\/v2\/posts\/7386"}],"collection":[{"href":"http:\/\/elobservatorio.com.mx\/index.php?rest_route=\/wp\/v2\/posts"}],"about":[{"href":"http:\/\/elobservatorio.com.mx\/index.php?rest_route=\/wp\/v2\/types\/post"}],"author":[{"embeddable":true,"href":"http:\/\/elobservatorio.com.mx\/index.php?rest_route=\/wp\/v2\/users\/2"}],"replies":[{"embeddable":true,"href":"http:\/\/elobservatorio.com.mx\/index.php?rest_route=%2Fwp%2Fv2%2Fcomments&post=7386"}],"version-history":[{"count":0,"href":"http:\/\/elobservatorio.com.mx\/index.php?rest_route=\/wp\/v2\/posts\/7386\/revisions"}],"wp:featuredmedia":[{"embeddable":true,"href":"http:\/\/elobservatorio.com.mx\/index.php?rest_route=\/wp\/v2\/media\/7387"}],"wp:attachment":[{"href":"http:\/\/elobservatorio.com.mx\/index.php?rest_route=%2Fwp%2Fv2%2Fmedia&parent=7386"}],"wp:term":[{"taxonomy":"category","embeddable":true,"href":"http:\/\/elobservatorio.com.mx\/index.php?rest_route=%2Fwp%2Fv2%2Fcategories&post=7386"},{"taxonomy":"post_tag","embeddable":true,"href":"http:\/\/elobservatorio.com.mx\/index.php?rest_route=%2Fwp%2Fv2%2Ftags&post=7386"}],"curies":[{"name":"wp","href":"https:\/\/api.w.org\/{rel}","templated":true}]}}