{"id":7389,"date":"2019-10-02T20:46:26","date_gmt":"2019-10-02T20:46:26","guid":{"rendered":"http:\/\/elobservatorio.com.mx\/presupuesto-para-el-campo-del-2020-pone-en-riesgo-a-%c2%a0mexico-kike-rojas"},"modified":"2019-10-02T20:46:26","modified_gmt":"2019-10-02T20:46:26","slug":"presupuesto-para-el-campo-del-2020-pone-en-riesgo-a-%c2%a0mexico-kike-rojas","status":"publish","type":"post","link":"http:\/\/elobservatorio.com.mx\/?p=7389","title":{"rendered":"Presupuesto para el campo del 2020 pone en riesgo a \u00a0M\u00e9xico: Kike Rojas"},"content":{"rendered":"<p class=\"x_MsoNormal\" style=\"text-align: left;\" align=\"center\"><em><span lang=\"ES\">*Estamos preocupados por los recortes que el gobierno federal propone, esperamos que los diputados los corrijan: Kike Rojas<\/span><\/em><\/p>\n<p class=\"x_MsoNormal\" style=\"text-align: left;\" align=\"center\"><em><span lang=\"ES\">*En el\u00a0 2019 se quit\u00f3 hasta un 30 por ciento del presupuesto al campo, pero para el 2020 se contempla\u00a0 una reducci\u00f3n aun mayo: del 60%: Martell Mart\u00ednez<\/span><\/em><\/p>\n<p class=\"x_gmail-MsoListParagraphCxSpFirst\" align=\"left\"><b><span lang=\"ES\">\u00a0<\/span><\/b><span lang=\"ES\">Colima, Col., 2 de octubre de 2019.- Luego de que se diera a conocer el presupuesto para el campo para el a\u00f1o 2020\u00a0\u00a0en donde\u00a0\u00a0el gobierno federal anuncia\u00a0\u00a0un recorte hasta del 60 por ciento, el dirigente estatal del PRI, Enrique Rojas Orozco coment\u00f3 que el presupuesto de este a\u00f1o afect\u00f3 a los productores, pero lo que se propone para el 2020 es avasallador y\u00a0\u00a0pondr\u00eda en riesgo no solo al campo sino al pa\u00eds entero.<\/span><\/p>\n<p class=\"x_MsoNormal\"><span lang=\"ES\">\u00a0<\/span><span lang=\"ES\">Reunidos en el Auditorio Luis Donaldo Colosio en donde estuvieron presentes la Secretaria General, Esperanza Hern\u00e1ndez Brice\u00f1o, el dirigente estatal de la CNC, Martell Mart\u00ednez Jim\u00e9nez, y la secretaria general de esa misma central campesina Martha Silva, Kike Rojas afirm\u00f3\u00a0\u00a0que el presupuesto anunciado da\u00f1a no solo a los campesinos, sino al pa\u00eds entero.<\/span><\/p>\n<p class=\"x_MsoNormal\"><span lang=\"ES\">\u00a0<\/span><span lang=\"ES\">\u201cEstamos preocupados por los recortes que se est\u00e1n proponiendo, y confiamos que se corrijan en la C\u00e1mara de Diputados; todav\u00eda est\u00e1n a tiempo de hacerlo\u201d , enfatiz\u00f3 Kike Rojas.<\/span><\/p>\n<p class=\"x_gmail-MsoListParagraphCxSpMiddle\"><span lang=\"ES\">\u00a0<\/span><span lang=\"ES\">Explic\u00f3 que uno de los ejemplos\u00a0\u00a0\u00a0es la disminuci\u00f3n al programa\u00a0\u00a0de Investigaci\u00f3n, Innovaci\u00f3n y Desarrollo Tecnol\u00f3gico Agr\u00edcola que pasar\u00e1 de tener 987 millones de pesos en el 2019 a tener cero pesos para el 2020, lo que\u00a0\u00a0representa un retroceso en el avance nacional que ha colocado a M\u00e9xico como puntero por tener\u00a0\u00a0un campo eficiente y capaz para poder ser competitivos.<\/span><\/p>\n<p class=\"x_MsoNormal\"><span lang=\"ES\">\u00a0<\/span><span lang=\"ES\">Kike Rojas explic\u00f3 que otro de los rubros que se ver\u00e1 afectado ser\u00e1 el Programa del Fomento Ganadero para la adquisici\u00f3n de leche en donde se pasara de 500 millones de pesos en el 2019 a cero pesos en el 2020. \u201cDe los programas que hay en apoyo al campo habr\u00e1 reducciones dr\u00e1sticas: de hecho,\u00a0\u00a0de los 24 programas, 20 se quedar\u00e1n sin\u00a0\u00a0ning\u00fan apoyo.<\/span><\/p>\n<p class=\"x_MsoNormal\"><span lang=\"ES\">\u00a0<\/span><span lang=\"ES\">Al hacer el uso de la voz el dirigente estatal de la Confederaci\u00f3n Nacional Campesina, Martell Mart\u00ednez Jim\u00e9nez, record\u00f3 que en el 2019 se quit\u00f3 hasta un 30 por ciento del presupuesto al campo, pero para el 2020 viene con una reducci\u00f3n adicional de casi el 60 por ciento, por lo que muchos de los productores\u00a0\u00a0que requieren apoyos de fertilizante, maquinaria, asesor\u00edas, se quedar\u00e1n sin este respaldo el\u00a0\u00a0cual les ayuda para producir m\u00e1s y mejor.<\/span><\/p>\n<p class=\"x_gmail-MsoListParagraphCxSpLast\"><span lang=\"ES\">Afirm\u00f3 que la CNC es un brazo fuerte del PRI,\u00a0\u00a0por lo que solicita al Partido\u00a0\u00a0para que salgan a la defensa del campo y evitar que estos recortes\u00a0\u00a0presupuestales que se proponen a nivel federal puedan concretarse porque da\u00f1ar\u00edan gravemente al pa\u00eds.<\/span><\/p>\n<p class=\"x_MsoNormal\"><span lang=\"ES\">\u00a0<\/span><span lang=\"ES\">\u00a0\u201cEl presupuesto lo envi\u00f3 el gobierno federal a la C\u00e1mara de Diputados, ahora esperamos nosotros que los diputados -sean del partido que sean- hagan un an\u00e1lisis serio para que lo corrijan y as\u00ed eviten m\u00e1s afectaciones al campo mexicano.<\/span><\/p>\n<p class=\"x_MsoNormal\"><span lang=\"ES\">\u00a0<\/span><span lang=\"ES\">Finalmente el dirigente estatal de la CNC, Martell Mart\u00ednez coment\u00f3 que en Colima hay\u00a0\u00a017 productos en el top ten de la producci\u00f3n nacional: \u201csomos un estado muy peque\u00f1ito, pero muy grande en producci\u00f3n de alimentos y con un coraz\u00f3n muy grande de todos los productores porque a pesar de las vicisitudes que pasamos como el caso de los ciclones recientes, siempre hemos logrado\u00a0\u00a0salir adelante\u201d.<\/span><\/p>\n","protected":false},"excerpt":{"rendered":"<p>*Estamos preocupados por los recortes que el gobierno federal propone, esperamos que los diputados los corrijan: Kike Rojas *En el\u00a0 2019 se quit\u00f3 hasta un 30 por ciento del presupuesto al campo, pero para el 2020 se contempla\u00a0 una reducci\u00f3n aun mayo: del 60%: Martell Mart\u00ednez \u00a0Colima, Col., 2 de octubre de 2019.- Luego de&#8230;<\/p>\n","protected":false},"author":2,"featured_media":7390,"comment_status":"open","ping_status":"open","sticky":false,"template":"","format":"standard","meta":{"footnotes":""},"categories":[10],"tags":[29,30,28],"class_list":["post-7389","post","type-post","status-publish","format-standard","has-post-thumbnail","hentry","category-politica","tag-grid","tag-news","tag-slider"],"_links":{"self":[{"href":"http:\/\/elobservatorio.com.mx\/index.php?rest_route=\/wp\/v2\/posts\/7389"}],"collection":[{"href":"http:\/\/elobservatorio.com.mx\/index.php?rest_route=\/wp\/v2\/posts"}],"about":[{"href":"http:\/\/elobservatorio.com.mx\/index.php?rest_route=\/wp\/v2\/types\/post"}],"author":[{"embeddable":true,"href":"http:\/\/elobservatorio.com.mx\/index.php?rest_route=\/wp\/v2\/users\/2"}],"replies":[{"embeddable":true,"href":"http:\/\/elobservatorio.com.mx\/index.php?rest_route=%2Fwp%2Fv2%2Fcomments&post=7389"}],"version-history":[{"count":0,"href":"http:\/\/elobservatorio.com.mx\/index.php?rest_route=\/wp\/v2\/posts\/7389\/revisions"}],"wp:featuredmedia":[{"embeddable":true,"href":"http:\/\/elobservatorio.com.mx\/index.php?rest_route=\/wp\/v2\/media\/7390"}],"wp:attachment":[{"href":"http:\/\/elobservatorio.com.mx\/index.php?rest_route=%2Fwp%2Fv2%2Fmedia&parent=7389"}],"wp:term":[{"taxonomy":"category","embeddable":true,"href":"http:\/\/elobservatorio.com.mx\/index.php?rest_route=%2Fwp%2Fv2%2Fcategories&post=7389"},{"taxonomy":"post_tag","embeddable":true,"href":"http:\/\/elobservatorio.com.mx\/index.php?rest_route=%2Fwp%2Fv2%2Ftags&post=7389"}],"curies":[{"name":"wp","href":"https:\/\/api.w.org\/{rel}","templated":true}]}}