{"id":739,"date":"2018-11-29T02:16:47","date_gmt":"2018-11-29T02:16:47","guid":{"rendered":"http:\/\/elobservatorio.com.mx\/recibe-reconocimiento-empresa-pesquera-colimense"},"modified":"2018-11-29T02:16:47","modified_gmt":"2018-11-29T02:16:47","slug":"recibe-reconocimiento-empresa-pesquera-colimense","status":"publish","type":"post","link":"http:\/\/elobservatorio.com.mx\/?p=739","title":{"rendered":"Recibe reconocimiento empresa pesquera colimense"},"content":{"rendered":"<p>La empresa pesquera colimense Marat\u00fan S.A. de C.V. recibi\u00f3 en la Ciudad de M\u00e9xico el Primer lugar de la Categor\u00eda Pesca Comercial a Gran escala del Premio a la Pesca y Acuacultura sustentables 2018 otorgado por la Secretar\u00eda de Agricultura, Ganader\u00eda, Desarrollo Rural, Pesca y alimentaci\u00f3n (Sagarpa).<\/p>\n<p>El secretario de Desarrollo Rural, Agust\u00edn morales Anguiano, afirm\u00f3 que es un orgullo para el Estado este reconocimiento, ya que tambi\u00e9n resalta los esfuerzos de pescadores, acuacultores, organismos e instituciones, cuyo trabajo ha propiciado buenas pr\u00e1cticas en la extracci\u00f3n, cultivo y producci\u00f3n de especies.<\/p>\n","protected":false},"excerpt":{"rendered":"<p>La empresa pesquera colimense Marat\u00fan S.A. de C.V. recibi\u00f3 en la Ciudad de M\u00e9xico el Primer lugar de la Categor\u00eda Pesca Comercial a Gran escala del Premio a la Pesca y Acuacultura sustentables 2018 otorgado por la Secretar\u00eda de Agricultura, Ganader\u00eda, Desarrollo Rural, Pesca y alimentaci\u00f3n (Sagarpa). El secretario de Desarrollo Rural, Agust\u00edn morales Anguiano,&#8230;<\/p>\n","protected":false},"author":2,"featured_media":740,"comment_status":"open","ping_status":"open","sticky":false,"template":"","format":"standard","meta":{"footnotes":""},"categories":[19],"tags":[29,30,28],"class_list":["post-739","post","type-post","status-publish","format-standard","has-post-thumbnail","hentry","category-fotonotas","tag-grid","tag-news","tag-slider"],"_links":{"self":[{"href":"http:\/\/elobservatorio.com.mx\/index.php?rest_route=\/wp\/v2\/posts\/739"}],"collection":[{"href":"http:\/\/elobservatorio.com.mx\/index.php?rest_route=\/wp\/v2\/posts"}],"about":[{"href":"http:\/\/elobservatorio.com.mx\/index.php?rest_route=\/wp\/v2\/types\/post"}],"author":[{"embeddable":true,"href":"http:\/\/elobservatorio.com.mx\/index.php?rest_route=\/wp\/v2\/users\/2"}],"replies":[{"embeddable":true,"href":"http:\/\/elobservatorio.com.mx\/index.php?rest_route=%2Fwp%2Fv2%2Fcomments&post=739"}],"version-history":[{"count":0,"href":"http:\/\/elobservatorio.com.mx\/index.php?rest_route=\/wp\/v2\/posts\/739\/revisions"}],"wp:featuredmedia":[{"embeddable":true,"href":"http:\/\/elobservatorio.com.mx\/index.php?rest_route=\/wp\/v2\/media\/740"}],"wp:attachment":[{"href":"http:\/\/elobservatorio.com.mx\/index.php?rest_route=%2Fwp%2Fv2%2Fmedia&parent=739"}],"wp:term":[{"taxonomy":"category","embeddable":true,"href":"http:\/\/elobservatorio.com.mx\/index.php?rest_route=%2Fwp%2Fv2%2Fcategories&post=739"},{"taxonomy":"post_tag","embeddable":true,"href":"http:\/\/elobservatorio.com.mx\/index.php?rest_route=%2Fwp%2Fv2%2Ftags&post=739"}],"curies":[{"name":"wp","href":"https:\/\/api.w.org\/{rel}","templated":true}]}}