{"id":742,"date":"2018-11-29T02:20:47","date_gmt":"2018-11-29T02:20:47","guid":{"rendered":"http:\/\/elobservatorio.com.mx\/detienen-a-un-sujeto-con-arma-de-fuego-ssp"},"modified":"2018-11-29T02:20:47","modified_gmt":"2018-11-29T02:20:47","slug":"detienen-a-un-sujeto-con-arma-de-fuego-ssp","status":"publish","type":"post","link":"http:\/\/elobservatorio.com.mx\/?p=742","title":{"rendered":"Detienen a un sujeto con arma de fuego: SSP"},"content":{"rendered":"<p class=\"x_MsoNormal\"><i>*Adem\u00e1s, capturan a uno con orden de aprehensi\u00f3n y otro por delitos contra la salud<\/i><\/p>\n<p class=\"x_MsoNormal\">La Secretar\u00eda de Seguridad P\u00fablica a trav\u00e9s de la Polic\u00eda Estatal informa que detuvo en hechos por separado a un sujeto como imputado del delito de violaci\u00f3n a la Ley Federal de Armas de Fuego y Explosivos, otro como imputado por el delito de robo, otro m\u00e1s por orden de aprehensi\u00f3n vigente y uno m\u00e1s por delitos contra la salud.<\/p>\n<p class=\"x_MsoNormal\">Derivado de los recorridos y patrullajes que se realizan en todo el estado, elementos estatales, detuvieron a un masculino que portaba un arma de fuego tipo pistola, abastecida con varios cartuchos \u00fatiles, cuando circulaba a bordo una motocicleta.<\/p>\n<p class=\"x_MsoNormal\">Por otra parte, la dependencia estatal, tambi\u00e9n aprehendi\u00f3 a un sujeto que circulaba en una motocicleta sin placas, en la capital del estado, motivo por lo que le marcaron el alto y al confrontar el n\u00famero de serie con la central de radio, result\u00f3 con reporte de robo, por lo que el hombre fue asegurado junto con el automotor.<\/p>\n<p class=\"x_MsoNormal\">La Polic\u00eda Estatal, tambi\u00e9n captur\u00f3 a un sujeto que ten\u00eda orden de aprehensi\u00f3n vigente por el delito de robo calificado, por lo cual, fue asegurado y trasladado a la Fiscal\u00eda General del Estado.<\/p>\n<p class=\"x_MsoNormal\">En otro hecho, en el centro de la capital colimense, la corporaci\u00f3n de seguridad, captur\u00f3 a un sujeto que tra\u00eda varios envoltorios con polvo blanco y granulado en su interior, por lo que fue trasladado a los separos.<\/p>\n<p class=\"x_MsoNormal\">A fin de que contin\u00faen con los tr\u00e1mites legales que corresponden a cada uno de los casos, la Secretar\u00eda de Seguridad P\u00fablica puso a disposici\u00f3n de la Fiscal\u00eda General del Estado, a los imputados, arma, droga y mercanc\u00eda asegurada.<\/p>\n<p class=\"x_MsoNormal\">Estas acciones forman parte del Programa de Operaciones Interinstitucionales (POI) para los 50 municipios de atenci\u00f3n prioritaria que se realiza en forma coordinada por los gobiernos; federal, estatal y municipales.<\/p>\n<p class=\"x_MsoNormal\">\u00a0\u00a0Finalmente, la Secretar\u00eda de Seguridad P\u00fablica, exhort\u00f3 a la poblaci\u00f3n a denunciar la comisi\u00f3n de cualquier delito a trav\u00e9s del uso responsable de los n\u00fameros de emergencia 911 y denuncia an\u00f3nima 089.<\/p>\n","protected":false},"excerpt":{"rendered":"<p>*Adem\u00e1s, capturan a uno con orden de aprehensi\u00f3n y otro por delitos contra la salud La Secretar\u00eda de Seguridad P\u00fablica a trav\u00e9s de la Polic\u00eda Estatal informa que detuvo en hechos por separado a un sujeto como imputado del delito de violaci\u00f3n a la Ley Federal de Armas de Fuego y Explosivos, otro como imputado&#8230;<\/p>\n","protected":false},"author":2,"featured_media":743,"comment_status":"open","ping_status":"open","sticky":false,"template":"","format":"standard","meta":{"footnotes":""},"categories":[15],"tags":[29,30,28],"class_list":["post-742","post","type-post","status-publish","format-standard","has-post-thumbnail","hentry","category-seguridad-y-justicia","tag-grid","tag-news","tag-slider"],"_links":{"self":[{"href":"http:\/\/elobservatorio.com.mx\/index.php?rest_route=\/wp\/v2\/posts\/742"}],"collection":[{"href":"http:\/\/elobservatorio.com.mx\/index.php?rest_route=\/wp\/v2\/posts"}],"about":[{"href":"http:\/\/elobservatorio.com.mx\/index.php?rest_route=\/wp\/v2\/types\/post"}],"author":[{"embeddable":true,"href":"http:\/\/elobservatorio.com.mx\/index.php?rest_route=\/wp\/v2\/users\/2"}],"replies":[{"embeddable":true,"href":"http:\/\/elobservatorio.com.mx\/index.php?rest_route=%2Fwp%2Fv2%2Fcomments&post=742"}],"version-history":[{"count":0,"href":"http:\/\/elobservatorio.com.mx\/index.php?rest_route=\/wp\/v2\/posts\/742\/revisions"}],"wp:featuredmedia":[{"embeddable":true,"href":"http:\/\/elobservatorio.com.mx\/index.php?rest_route=\/wp\/v2\/media\/743"}],"wp:attachment":[{"href":"http:\/\/elobservatorio.com.mx\/index.php?rest_route=%2Fwp%2Fv2%2Fmedia&parent=742"}],"wp:term":[{"taxonomy":"category","embeddable":true,"href":"http:\/\/elobservatorio.com.mx\/index.php?rest_route=%2Fwp%2Fv2%2Fcategories&post=742"},{"taxonomy":"post_tag","embeddable":true,"href":"http:\/\/elobservatorio.com.mx\/index.php?rest_route=%2Fwp%2Fv2%2Ftags&post=742"}],"curies":[{"name":"wp","href":"https:\/\/api.w.org\/{rel}","templated":true}]}}