{"id":7484,"date":"2019-10-07T00:00:06","date_gmt":"2019-10-07T00:00:06","guid":{"rendered":"http:\/\/elobservatorio.com.mx\/esta-semana-inicia-ii-congreso-mundial-sobre-infancia-y-adolescencia"},"modified":"2019-10-07T00:00:06","modified_gmt":"2019-10-07T00:00:06","slug":"esta-semana-inicia-ii-congreso-mundial-sobre-infancia-y-adolescencia","status":"publish","type":"post","link":"http:\/\/elobservatorio.com.mx\/?p=7484","title":{"rendered":"Esta Semana Inicia II Congreso Mundial sobre Infancia y Adolescencia"},"content":{"rendered":"<p><em>*Organiza la S\u00edndica Municipal de Villa de \u00c1lvarez, Karina Heredia; habr\u00e1 cuatro paneles, con sede en el Auditorio \u201cLic. Alberto Herrera Carrillo\u201d de la Facultad de Ciencias Pol\u00edticas y Sociales de la Universidad de Colima<\/em><\/p>\n<p>Esta semana inicia el II Congreso Mundial sobre Infancia y Adolescencia en el Estado de Colima, del que es organizadora Karina Heredia, la S\u00edndica Municipal de Villa de \u00c1lvarez.<\/p>\n<p>As\u00ed lo inform\u00f3 el Presidente Municipal Felipe Cruz, quien invit\u00f3 a los ciudadanos a participar en este importante evento internacional.<\/p>\n<p>El alcalde villalvarense expres\u00f3 que Karina Heredia es integrante del Consejo Independiente de Protecci\u00f3n a la Infancia (CIPI), y en el marco del Proyecto Internacional Gira por la Infancia 2019, este a\u00f1o toc\u00f3 a nuestro pa\u00eds realizar este Congreso Mundial, teniendo como sede a Colima, del mi\u00e9rcoles 09 al viernes 11 de octubre, con el lema \u00abLa Convenci\u00f3n sobre los Derechos del Ni\u00f1o, a debate 30 a\u00f1os despu\u00e9s\u00bb.<\/p>\n<p>Karina Heredia es fundadora y Presidenta de la \u201cFundaci\u00f3n Planeta Infancia\u201d, se\u00f1al\u00f3 Felipe Cruz, y explic\u00f3 que este Congreso Infantil est\u00e1 dirigido a \u201cni\u00f1as, ni\u00f1os, adolescentes, j\u00f3venes, educadores sociales, maestros, trabajadores sociales, psicopedagogos, pedagogos, psic\u00f3logos, soci\u00f3logos, antrop\u00f3logos, periodistas, profesores, orientadores, m\u00e9dicos, enfermeros, polic\u00edas, abogados, jueces, miembros de ONG, docentes e investigadores universitarios, estudiantes, padres, madres, y todas las personas interesadas en conocer los retos que actualmente se tienen para garantizar los derechos de la infancia en todo el mundo\u201d.<\/p>\n<p>Finalmente, el alcalde reiter\u00f3 su llamado a aprovechar las actividades de este Congreso, organizado por\u00a0 el Consejo Independiente de Protecci\u00f3n de la Infancia (CIPI); por la Asociaci\u00f3n Infancia, Cultura y Educaci\u00f3n (AICE); por la Comisi\u00f3n Nacional para la Cultura de Paz en M\u00e9xico (CONMAPAZ); por la Fundaci\u00f3n Planeta Infancia y por la Universidad de Colima, nuestra m\u00e1xima casa de estudios; \u201cpara mayor informaci\u00f3n sobre las actividades de este Congreso y la forma de registro como participante, pueden ingresar a: https:\/\/www.congresomundialdeinfanciayadolescencia.com\/, o al correo <a href=\"mailto:congreso.infancia.colima2019@outlook.com\">congreso.infancia.colima2019@outlook.com<\/a>; as\u00ed como a la p\u00e1gina de Facebook \u201cFundaci\u00f3n Planeta Infancia\u201d.<\/p>\n","protected":false},"excerpt":{"rendered":"<p>*Organiza la S\u00edndica Municipal de Villa de \u00c1lvarez, Karina Heredia; habr\u00e1 cuatro paneles, con sede en el Auditorio \u201cLic. Alberto Herrera Carrillo\u201d de la Facultad de Ciencias Pol\u00edticas y Sociales de la Universidad de Colima Esta semana inicia el II Congreso Mundial sobre Infancia y Adolescencia en el Estado de Colima, del que es organizadora&#8230;<\/p>\n","protected":false},"author":2,"featured_media":7485,"comment_status":"open","ping_status":"open","sticky":false,"template":"","format":"standard","meta":{"footnotes":""},"categories":[8,42],"tags":[29,30,28],"class_list":["post-7484","post","type-post","status-publish","format-standard","has-post-thumbnail","hentry","category-municipios","category-villa-de-alvarez","tag-grid","tag-news","tag-slider"],"_links":{"self":[{"href":"http:\/\/elobservatorio.com.mx\/index.php?rest_route=\/wp\/v2\/posts\/7484"}],"collection":[{"href":"http:\/\/elobservatorio.com.mx\/index.php?rest_route=\/wp\/v2\/posts"}],"about":[{"href":"http:\/\/elobservatorio.com.mx\/index.php?rest_route=\/wp\/v2\/types\/post"}],"author":[{"embeddable":true,"href":"http:\/\/elobservatorio.com.mx\/index.php?rest_route=\/wp\/v2\/users\/2"}],"replies":[{"embeddable":true,"href":"http:\/\/elobservatorio.com.mx\/index.php?rest_route=%2Fwp%2Fv2%2Fcomments&post=7484"}],"version-history":[{"count":0,"href":"http:\/\/elobservatorio.com.mx\/index.php?rest_route=\/wp\/v2\/posts\/7484\/revisions"}],"wp:featuredmedia":[{"embeddable":true,"href":"http:\/\/elobservatorio.com.mx\/index.php?rest_route=\/wp\/v2\/media\/7485"}],"wp:attachment":[{"href":"http:\/\/elobservatorio.com.mx\/index.php?rest_route=%2Fwp%2Fv2%2Fmedia&parent=7484"}],"wp:term":[{"taxonomy":"category","embeddable":true,"href":"http:\/\/elobservatorio.com.mx\/index.php?rest_route=%2Fwp%2Fv2%2Fcategories&post=7484"},{"taxonomy":"post_tag","embeddable":true,"href":"http:\/\/elobservatorio.com.mx\/index.php?rest_route=%2Fwp%2Fv2%2Ftags&post=7484"}],"curies":[{"name":"wp","href":"https:\/\/api.w.org\/{rel}","templated":true}]}}