{"id":7499,"date":"2019-10-07T01:11:13","date_gmt":"2019-10-07T01:11:13","guid":{"rendered":"http:\/\/elobservatorio.com.mx\/%c2%a1ah-gente-cabrona-fantoche-%e2%80%a6-atentamente-api"},"modified":"2019-10-07T01:11:13","modified_gmt":"2019-10-07T01:11:13","slug":"%c2%a1ah-gente-cabrona-fantoche-%e2%80%a6-atentamente-api","status":"publish","type":"post","link":"http:\/\/elobservatorio.com.mx\/?p=7499","title":{"rendered":"\u00a1Ah gente cabrona fantoche!: \u2026 Atentamente API"},"content":{"rendered":"<p>\u201c<strong><em>A los prepotentes y majaderos nada m\u00e1s hay que soltarles la cuerda para que se enreden solos<\/em><\/strong>\u201d<\/p>\n<p><strong>\u00a0\u00a0\u00a0\u00a0 <\/strong><strong>JMC.<\/strong><\/p>\n<p><strong><em>Javier Montes Camarena*Locutor y Periodista &lt;&gt;\u00a0 <\/em><\/strong><a href=\"http:\/\/www.enlacemanzanillo.com\" target=\"_blank\" rel=\"noopener\"><strong><em>www.enlacemanzanillo.com<\/em><\/strong><\/a><\/p>\n<p><strong>D\u00e9jenme decirles que:<\/strong> El incendio (presumiblemente provocado o no) del buque pesquero \u201c<strong><em>Mar\u00eda Ver\u00f3nica<\/em><\/strong>\u201d de la empresa <strong><em>Grupo Mar<\/em><\/strong> (<strong><em>Marindustrias<\/em><\/strong> <strong><em>Tuny)<\/em><\/strong> va dejando en la opini\u00f3n p\u00fablica una inmensa estela de preguntas, sospechas y dudas.<\/p>\n<p>\u00c9ste, ha sido un incendio que cruje, que va exhibiendo a muchos funcionarios (<strong>Marina-Armada de M\u00e9xico, Profepa, API, Capitan\u00eda de Puerto, Secretaria de Salud Estatal<\/strong>) portuarios, estatales y civiles, que van mintiendo, que van, enrareciendo lo sucedido en el Puerto Interior de San Pedrito, tratando de mentir y, eludir su responsabilidad, buscando, no ser alcanzados por las llamas del buque\/pesquero <strong><em>Mar\u00eda <\/em><\/strong><strong><em>Ver\u00f3nica.<\/em><\/strong><\/p>\n<p>El siniestrado buque\/pesquero <strong><em>Mar\u00eda Ver\u00f3nica<\/em><\/strong> (procedente del dique de Ensenada, BCN) fue construido en el a\u00f1o 1983, una embarcaci\u00f3n con 36 a\u00f1os de navegaci\u00f3n. Con un peso muerto de mil 683 toneladas, 13 metros de manga y, un arqueo bruto de mil 127 toneladas.<\/p>\n<p>Por lo que se sabe y se conoce p\u00fablicamente, la empresa <strong><em>Grupo Mar <\/em><\/strong><strong><em>(Marindustrias<\/em><\/strong> <strong><em>(Tuny) <\/em><\/strong>ha sufrido en forma \u201caccidental\u201d tres siniestros mar\u00edtimos en su flota de embarcaciones, uno, en la mar, el siguiente, el <strong><em>Teresa Jeannene<\/em><\/strong> en un muelle y, el atracado e incendiado en los muelles de la <strong>API <\/strong>en Manzanillo con m\u00e1s de 680 mil litros de di\u00e9sel el pasado martes uno de octubre.<\/p>\n<p>Siendo las 12 del d\u00eda martes primero de octubre sobrevino una explosi\u00f3n en la popa de la embarcaci\u00f3n, misma, que pudo haberse atendido y controlado como lo muestran p\u00fablicamente fotos de la iniciaci\u00f3n de la conflagraci\u00f3n.<\/p>\n<p>Desde la ventana de su despacho la alcaldesa <strong>Griselda Mart\u00ednez<\/strong> advirti\u00f3 las llamas y, el humo negro en los muelles del recinto portuario, gir\u00f3 de inmediato la orden e instrucciones para que Protecci\u00f3n Civil de Manzanillo acudiera a los muelles de <strong><em>Grupo Mar (Marindustrias<\/em><\/strong><strong><em> Tuny<\/em><\/strong><strong><em>) <\/em><\/strong>a brindar el apoyo necesario en tan grave evento.<\/p>\n<p>Pero Protecci\u00f3n Civil fue rechazada, impidi\u00e9ndoseles acceder a las instalaciones portuarias por instrucciones del capit\u00e1n de meseros y director de API <strong>H\u00e9ctor Mora G\u00f3mez<\/strong> quien tomaba as\u00ed, venganza directa con su adversaria pol\u00edtica <strong>Griselda Mart\u00ednez<\/strong>, ignorando los blasones de la primera autoridad municipal (qui\u00e9rase o no) elegida por los porte\u00f1os.<\/p>\n<p>El capit\u00e1n de meseros <strong>H\u00e9ctor Mor\u00e1 G\u00f3mez<\/strong> prefiri\u00f3 irse a la ciudad de Colima al besa-manos del informe de su socio el Gobernador <strong>Jos\u00e9 Ignacio Peralta S\u00e1nchez<\/strong>.<\/p>\n<p>Abandon\u00f3 su responsabilidad dejando a su suerte a los habitantes de Manzanillo y, a la tripulaci\u00f3n del <strong><em>Mar\u00eda Ver\u00f3nica<\/em><\/strong>, alej\u00e1ndose de la conflagraci\u00f3n sin importarle absolutamente nada.<\/p>\n<p>El Peri\u00f3dico <strong><em>Diario de Colima<\/em><\/strong> en su edici\u00f3n del dos de octubre muestra fotograf\u00edas de un sonriente y despreocupado capit\u00e1n de meseros acompa\u00f1ado del director del rotativo <strong>H\u00e9ctor S\u00e1nchez de la<\/strong> <strong>Madrid<\/strong>.<\/p>\n<p>El capit\u00e1n de meseros en cuesti\u00f3n se hab\u00eda juyido a la ciudad de Colima al fiestongo de <strong>Nacho<\/strong> <strong>Peralta <\/strong>para no darse otra chamuscada de las muchas que ya lleva.<\/p>\n<p>El incendio del buque\/pesquero era dantesco, llamas de m\u00e1s de cincuenta metros de altura, el mar incendiado y, emisiones de gases y humos t\u00f3xicos con olor a combustible sumamente peligrosos para la salud humana y, adem\u00e1s, contaminando las aguas marinas con di\u00e9sel y gas-avi\u00f3n.<\/p>\n<p>La conflagraci\u00f3n del barco\/pesquero dur\u00f3 m\u00e1s de 58 horas afectando a los usuarios de Torre Puerto, a los enfermos del Hospital Manzanillo, a vecinos de las Brisas, del Barrio Uno del Valle de las Garzas, trabajadores del puerto, refaccionarias, ferreter\u00edas y Oxxo.<\/p>\n<p>Pero luego vino la furiosa reacci\u00f3n y enojo del capit\u00e1n de meseros <strong>H\u00e9ctor Mora G\u00f3mez<\/strong> quien a trav\u00e9s de su \u201c<strong>vocer\u00eda personal<\/strong>\u201d (<strong>AP<\/strong>I de Manzanillo no tiene direcci\u00f3n de comunicaci\u00f3n social en su organigrama) les recet\u00f3 a los manzanillenses el peor de los insultos, haciendo uso de sus bajezas y prepotencia a trav\u00e9s de las <em>Redes Sociales.<\/em><\/p>\n<p>\u2026 \u201c<strong>45 a\u00f1os trag\u00e1ndose el holl\u00edn de la termoel\u00e9ctrica y andan <\/strong>\u201c<strong>angustiados<\/strong>\u201d<strong> por su salud con 24 horas del<\/strong> <strong>humo del Grupo Mar<\/strong>\u201d.<\/p>\n<p><strong>\u00a1Ah gente cabrona fantoche!<\/strong><\/p>\n<p>Ah\u00ed est\u00e1 la ofensa, ah\u00ed est\u00e1 el \u00edntimo y perverso pensamiento del capit\u00e1n de meseros <strong>H\u00e9ctor Mora G\u00f3mez,<\/strong> tipo desquiciado cuya esquiva condici\u00f3n de perdona vidas no logra controlar y, mucho menos, corregir.<\/p>\n<p>Pobre <strong>APIman.<\/strong><\/p>\n<p>Pero qu\u00e9 importa, los funcionarios federales de la Cuarta Transformaci\u00f3n, de la <strong>SCT<\/strong> y, de la Coordinaci\u00f3n de Puertos y Marina Mercante pueden robar, lavar dinero, insultar, mentir y, hasta asesinarte sin que les pase nada ya que cuentan con la bendici\u00f3n y, la protecci\u00f3n del Presidente de M\u00e9xico <strong>Andr\u00e9s Manuel L\u00f3pez Obrador.<\/strong><\/p>\n<p>Ah\u00ed se ven.<\/p>\n<p><strong>ENLACITOS<\/strong><\/p>\n<p><strong>Cochinito $: <\/strong>De qu\u00e9 dependencia federal de la Cuarta Transformaci\u00f3n recibe el Partido Acci\u00f3n Nacional de Colima <strong>(PAN<\/strong>) fuertes sumas de dinero contante y sonante para seguir subsistiendo en la pol\u00edtica de aldea del estado.<\/p>\n<p>Es un caso para la ara\u00f1a\u2026 <strong>MORENA.<\/strong><\/p>\n<p><strong>&lt;&lt;&lt;&gt;&gt;&gt;\u00a0<\/strong><\/p>\n<p><strong>La condenada Yeidckol: <\/strong>La dirigente nacional de <strong>MORENA<\/strong> ha resultado toda una mujer tramposa y sinverg\u00fcenza.<\/p>\n<p>La progresista <strong>Yeidckol Polevnsky <\/strong>apareci\u00f3 en las listas de condonaciones de impuestos por 16.4 millones de pesos, lo que la coloca como una evasora de impuestos en acciones ilegales, pero que importa, hay que echarle la culpa al contador.<\/p>\n<p>Tan decentita que se ve\u00eda.<\/p>\n<p>Estoy en: <strong>ipuntocom.mx \u2013 elobservadornoticias.com \u2013 pantallazo.com<\/strong><\/p>\n","protected":false},"excerpt":{"rendered":"<p>\u201cA los prepotentes y majaderos nada m\u00e1s hay que soltarles la cuerda para que se enreden solos\u201d \u00a0\u00a0\u00a0\u00a0 JMC. Javier Montes Camarena*Locutor y Periodista &lt;&gt;\u00a0 www.enlacemanzanillo.com D\u00e9jenme decirles que: El incendio (presumiblemente provocado o no) del buque pesquero \u201cMar\u00eda Ver\u00f3nica\u201d de la empresa Grupo Mar (Marindustrias Tuny) va dejando en la opini\u00f3n p\u00fablica una inmensa&#8230;<\/p>\n","protected":false},"author":2,"featured_media":4143,"comment_status":"open","ping_status":"open","sticky":false,"template":"","format":"standard","meta":{"footnotes":""},"categories":[11],"tags":[29,30,28],"class_list":["post-7499","post","type-post","status-publish","format-standard","has-post-thumbnail","hentry","category-opinion","tag-grid","tag-news","tag-slider"],"_links":{"self":[{"href":"http:\/\/elobservatorio.com.mx\/index.php?rest_route=\/wp\/v2\/posts\/7499"}],"collection":[{"href":"http:\/\/elobservatorio.com.mx\/index.php?rest_route=\/wp\/v2\/posts"}],"about":[{"href":"http:\/\/elobservatorio.com.mx\/index.php?rest_route=\/wp\/v2\/types\/post"}],"author":[{"embeddable":true,"href":"http:\/\/elobservatorio.com.mx\/index.php?rest_route=\/wp\/v2\/users\/2"}],"replies":[{"embeddable":true,"href":"http:\/\/elobservatorio.com.mx\/index.php?rest_route=%2Fwp%2Fv2%2Fcomments&post=7499"}],"version-history":[{"count":0,"href":"http:\/\/elobservatorio.com.mx\/index.php?rest_route=\/wp\/v2\/posts\/7499\/revisions"}],"wp:featuredmedia":[{"embeddable":true,"href":"http:\/\/elobservatorio.com.mx\/index.php?rest_route=\/wp\/v2\/media\/4143"}],"wp:attachment":[{"href":"http:\/\/elobservatorio.com.mx\/index.php?rest_route=%2Fwp%2Fv2%2Fmedia&parent=7499"}],"wp:term":[{"taxonomy":"category","embeddable":true,"href":"http:\/\/elobservatorio.com.mx\/index.php?rest_route=%2Fwp%2Fv2%2Fcategories&post=7499"},{"taxonomy":"post_tag","embeddable":true,"href":"http:\/\/elobservatorio.com.mx\/index.php?rest_route=%2Fwp%2Fv2%2Ftags&post=7499"}],"curies":[{"name":"wp","href":"https:\/\/api.w.org\/{rel}","templated":true}]}}