{"id":7503,"date":"2019-10-07T02:42:26","date_gmt":"2019-10-07T02:42:26","guid":{"rendered":"http:\/\/elobservatorio.com.mx\/uso-de-cohetes-en-exceso-afecta-a-humanos-y-mascotas-en-breve-se-regularizara-serapio%c2%a0"},"modified":"2019-10-07T02:42:26","modified_gmt":"2019-10-07T02:42:26","slug":"uso-de-cohetes-en-exceso-afecta-a-humanos-y-mascotas-en-breve-se-regularizara-serapio%c2%a0","status":"publish","type":"post","link":"http:\/\/elobservatorio.com.mx\/?p=7503","title":{"rendered":"Uso de cohetes en exceso afecta a humanos y mascotas; en breve se regularizar\u00e1: Serapio\u00a0"},"content":{"rendered":"<p><em>*\u00bbHasta parece que los fabricantes ponen su marca personal cuando el cohete explota cada vez mas\u00a0 fuerte. No dejan descansar a los adultos mayores, ni personas enfermas\u00bb, dice<\/em><\/p>\n<p>Tecom\u00e1n Col.- El regidor de extracci\u00f3n morenista,Ing. Serapio de Casas Miramontes, inform\u00f3 que ser\u00e1 una realidad la regularizaci\u00f3n el uso de cohetes en las fiestas tradicionales.<\/p>\n<p>Manifest\u00f3 que existe en la ley ambiental del Estado de Colima, el l\u00edmite de\u00a0<b>decibeles permitido<\/b>\u00a0en la ciudad, es de 68 en el d\u00eda y 65 en la noche. (NOM-081-SEMARNAT-1994) Seg\u00fan la Organizaci\u00f3n Mundial de la Salud (OMS) el o\u00eddo humano pude tolerar 55\u00a0<b>decibeles<\/b>\u00a0sin ning\u00fan da\u00f1o a su salud.<\/p>\n<p>\u00abLos ciudadanos se me han acercado para pedirme que se regule el uso de cohetes, adem\u00e1s esta propuesta se reforz\u00f3 con una encuesta que hicimos hace aproximadamente dos meses donde el 70 % de los entrevistados estuvieron de acuerdo porque es una molestia\u00bb.<\/p>\n<p>Dijo que durante todo el a\u00f1o todas las capillas que existen en el municipio, estamos con el fastidio del ruido tan excesivo de los cohetes. Ya viene el fin de a\u00f1o donde crece este desorden, al 70 % de las personas no nos gusta, adem\u00e1s no descansas o tienes un familiar enfermo y tambi\u00e9n es da\u00f1ino para las mascotas,\u00a0 es un problema de contaminaci\u00f3n auditiva que pretendemos regular, asever\u00f3<\/p>\n<p>\u00abEl d\u00eda de la Candelaria que en su mayor\u00eda somos creyentes, es la fiesta grande de Tecom\u00e1n, pero a todas horas est\u00e1n tronando, d\u00eda y noche, a cualquiera se le ocurre tronar cohetes, hay capillas que no tienen una barda o tienen un techo de palapa, pero si gastan mucho dinero en comprar p\u00f3lvora y eso no es tradici\u00f3n, eso ya es un gran negocio\u00bb.<\/p>\n<p>El regidor adelant\u00f3 que para aprobar el reglamento s\u00f3lo falta hacer un foro y, despu\u00e9s de ello,\u00a0 estaremos inmersos todos,\u00a0 cristianos, cat\u00f3licos, ateos, etc., etc., todos vamos a respetar el n\u00famero de decibeles que ser\u00e1n autorizados por el reglamento<\/p>\n<p>Mencion\u00f3 que hay casos palpables de quejas de este problema, como una iglesia que se encuentra en la colonia Elba Cecilia, cuando menos una vez al mes queman una cantidad enorme de cohetes y los vecinos ya est\u00e1n enfadados de esa actividad, \u00abes m\u00e1s la gente que est\u00e1 a favor de que se regule,\u00a0 la gente que se opone\u00bb.<\/p>\n<p>Adelant\u00f3 que espera que sea en la primera quincena de noviembre que haya salido el reglamento ya aprobado por el cabildo,\u00a0 la mayor\u00eda de los regidores est\u00e1n de acuerdo en apoyarlo y coinciden en una sociedad donde todos convivamos, adem\u00e1s ahorita no sabes si son cohetes o balazos.<\/p>\n<p>Hay gente que me dice que es una vez al a\u00f1o, quiz\u00e1s la gente que s\u00f3lo viene a las fiestas de la virgen que es el mero d\u00eda, el 2 de febrero, pero los que vivimos aqu\u00ed constantemente estamos escuchando la quema de la p\u00f3lvora<\/p>\n<p>Finalmente coment\u00f3 que ya los cohetes\u00a0 truenan exageradamente m\u00e1s fuerte que antes, \u00abcomo que los fabricantes se identifican con el que truene m\u00e1s fuerte, es marca personal de quienes venden la p\u00f3lvora, por eso es importante que quienes no est\u00e9n de acuerdo comprendan que es por el bien com\u00fan el que regule el uso de los mismos\u00bb.<\/p>\n<p>&nbsp;<\/p>\n<p>&nbsp;<\/p>\n<p>&nbsp;<\/p>\n","protected":false},"excerpt":{"rendered":"<p>*\u00bbHasta parece que los fabricantes ponen su marca personal cuando el cohete explota cada vez mas\u00a0 fuerte. No dejan descansar a los adultos mayores, ni personas enfermas\u00bb, dice Tecom\u00e1n Col.- El regidor de extracci\u00f3n morenista,Ing. Serapio de Casas Miramontes, inform\u00f3 que ser\u00e1 una realidad la regularizaci\u00f3n el uso de cohetes en las fiestas tradicionales. Manifest\u00f3&#8230;<\/p>\n","protected":false},"author":2,"featured_media":7504,"comment_status":"open","ping_status":"open","sticky":false,"template":"","format":"standard","meta":{"footnotes":""},"categories":[8,34],"tags":[29,30,28],"class_list":["post-7503","post","type-post","status-publish","format-standard","has-post-thumbnail","hentry","category-municipios","category-tecoman","tag-grid","tag-news","tag-slider"],"_links":{"self":[{"href":"http:\/\/elobservatorio.com.mx\/index.php?rest_route=\/wp\/v2\/posts\/7503"}],"collection":[{"href":"http:\/\/elobservatorio.com.mx\/index.php?rest_route=\/wp\/v2\/posts"}],"about":[{"href":"http:\/\/elobservatorio.com.mx\/index.php?rest_route=\/wp\/v2\/types\/post"}],"author":[{"embeddable":true,"href":"http:\/\/elobservatorio.com.mx\/index.php?rest_route=\/wp\/v2\/users\/2"}],"replies":[{"embeddable":true,"href":"http:\/\/elobservatorio.com.mx\/index.php?rest_route=%2Fwp%2Fv2%2Fcomments&post=7503"}],"version-history":[{"count":0,"href":"http:\/\/elobservatorio.com.mx\/index.php?rest_route=\/wp\/v2\/posts\/7503\/revisions"}],"wp:featuredmedia":[{"embeddable":true,"href":"http:\/\/elobservatorio.com.mx\/index.php?rest_route=\/wp\/v2\/media\/7504"}],"wp:attachment":[{"href":"http:\/\/elobservatorio.com.mx\/index.php?rest_route=%2Fwp%2Fv2%2Fmedia&parent=7503"}],"wp:term":[{"taxonomy":"category","embeddable":true,"href":"http:\/\/elobservatorio.com.mx\/index.php?rest_route=%2Fwp%2Fv2%2Fcategories&post=7503"},{"taxonomy":"post_tag","embeddable":true,"href":"http:\/\/elobservatorio.com.mx\/index.php?rest_route=%2Fwp%2Fv2%2Ftags&post=7503"}],"curies":[{"name":"wp","href":"https:\/\/api.w.org\/{rel}","templated":true}]}}