{"id":7506,"date":"2019-10-08T00:38:08","date_gmt":"2019-10-08T00:38:08","guid":{"rendered":"http:\/\/elobservatorio.com.mx\/anuncian-festival-internacional-de-artes-escenicas-en-coquimatlan"},"modified":"2019-10-08T00:38:08","modified_gmt":"2019-10-08T00:38:08","slug":"anuncian-festival-internacional-de-artes-escenicas-en-coquimatlan","status":"publish","type":"post","link":"http:\/\/elobservatorio.com.mx\/?p=7506","title":{"rendered":"Anuncian Festival Internacional de Artes Esc\u00e9nicas en Coquimatl\u00e1n"},"content":{"rendered":"<p class=\"x_MsoNormal\">La secretaria de Turismo, Mar\u00eda Luisa del Carmen \u00cd\u00f1iguez M\u00e9ndez, acompa\u00f1ada del presidente municipal de Coquimatl\u00e1n, Guadalupe Benavides Flori\u00e1n, anunci\u00f3 en rueda de prensa el programa general del 4\u00b0 Festival Internacional de Artes Esc\u00e9nicas, Coximatlan 2019, que se llevar\u00e1 a cabo el 11, 12 y 13 de octubre en ese municipio.<\/p>\n<p class=\"x_MsoNormal\">La funcionaria estatal destac\u00f3 que este Festival muestra la multiculturalidad de la entidad y es una plataforma, \u201cdonde damos a conocer una peque\u00f1a muestra de nuestras ra\u00edces como la identidad cultural de Colima, lo cual, forma parte de los atractivos tur\u00edsticos m\u00e1s importantes del destino\u201d.<\/p>\n<p class=\"x_MsoNormal\">Durante su participaci\u00f3n, el presidente municipal de Coquimatl\u00e1n, Guadalupe Benavides Flori\u00e1n, indic\u00f3 que el Festival se hace en homenaje a C\u00e9sar C\u00e1rdenas L\u00f3pez, quien fue en vida, promotor Cultural de Colima.<\/p>\n<p class=\"x_MsoNormal\">Detall\u00f3 que el objetivo principal de esta actividad es promover el arte, la cultura y el turismo de su municipio; as\u00ed como conocer otras culturas de los Pa\u00edses invitados de honor que en esta edici\u00f3n son Espa\u00f1a y Ecuador, con la participaci\u00f3n de Chile, Colombia y M\u00e9xico; adem\u00e1s, el estado invitado de honor, es Quer\u00e9taro.<\/p>\n<p class=\"x_MsoNormal\">\u00a0Por su parte, H\u00e9ctor Ju\u00e1rez, director de enlaces nacionales del Festival, coment\u00f3 que la inauguraci\u00f3n ser\u00e1 el viernes 11 de octubre, a partir de las 20:00 horas, momento en que todas las compa\u00f1\u00edas invitadas, presentar\u00e1n un fragmento de lo ofrecer\u00e1n durante los tres d\u00edas de duraci\u00f3n del Festival.<\/p>\n","protected":false},"excerpt":{"rendered":"<p>La secretaria de Turismo, Mar\u00eda Luisa del Carmen \u00cd\u00f1iguez M\u00e9ndez, acompa\u00f1ada del presidente municipal de Coquimatl\u00e1n, Guadalupe Benavides Flori\u00e1n, anunci\u00f3 en rueda de prensa el programa general del 4\u00b0 Festival Internacional de Artes Esc\u00e9nicas, Coximatlan 2019, que se llevar\u00e1 a cabo el 11, 12 y 13 de octubre en ese municipio. La funcionaria estatal destac\u00f3&#8230;<\/p>\n","protected":false},"author":2,"featured_media":7507,"comment_status":"open","ping_status":"open","sticky":false,"template":"","format":"standard","meta":{"footnotes":""},"categories":[41,8],"tags":[29,30,28],"class_list":["post-7506","post","type-post","status-publish","format-standard","has-post-thumbnail","hentry","category-coquimatlan","category-municipios","tag-grid","tag-news","tag-slider"],"_links":{"self":[{"href":"http:\/\/elobservatorio.com.mx\/index.php?rest_route=\/wp\/v2\/posts\/7506"}],"collection":[{"href":"http:\/\/elobservatorio.com.mx\/index.php?rest_route=\/wp\/v2\/posts"}],"about":[{"href":"http:\/\/elobservatorio.com.mx\/index.php?rest_route=\/wp\/v2\/types\/post"}],"author":[{"embeddable":true,"href":"http:\/\/elobservatorio.com.mx\/index.php?rest_route=\/wp\/v2\/users\/2"}],"replies":[{"embeddable":true,"href":"http:\/\/elobservatorio.com.mx\/index.php?rest_route=%2Fwp%2Fv2%2Fcomments&post=7506"}],"version-history":[{"count":0,"href":"http:\/\/elobservatorio.com.mx\/index.php?rest_route=\/wp\/v2\/posts\/7506\/revisions"}],"wp:featuredmedia":[{"embeddable":true,"href":"http:\/\/elobservatorio.com.mx\/index.php?rest_route=\/wp\/v2\/media\/7507"}],"wp:attachment":[{"href":"http:\/\/elobservatorio.com.mx\/index.php?rest_route=%2Fwp%2Fv2%2Fmedia&parent=7506"}],"wp:term":[{"taxonomy":"category","embeddable":true,"href":"http:\/\/elobservatorio.com.mx\/index.php?rest_route=%2Fwp%2Fv2%2Fcategories&post=7506"},{"taxonomy":"post_tag","embeddable":true,"href":"http:\/\/elobservatorio.com.mx\/index.php?rest_route=%2Fwp%2Fv2%2Ftags&post=7506"}],"curies":[{"name":"wp","href":"https:\/\/api.w.org\/{rel}","templated":true}]}}