{"id":7509,"date":"2019-10-08T00:44:35","date_gmt":"2019-10-08T00:44:35","guid":{"rendered":"http:\/\/elobservatorio.com.mx\/felipe-cruz-y-autoridades-entregan-reconocimientos-a-academicos-del-tecnologico-de-colima-%c2%a0"},"modified":"2019-10-08T00:44:35","modified_gmt":"2019-10-08T00:44:35","slug":"felipe-cruz-y-autoridades-entregan-reconocimientos-a-academicos-del-tecnologico-de-colima-%c2%a0","status":"publish","type":"post","link":"http:\/\/elobservatorio.com.mx\/?p=7509","title":{"rendered":"Felipe Cruz y Autoridades Entregan Reconocimientos a Acad\u00e9micos del Tecnol\u00f3gico de Colima \u00a0"},"content":{"rendered":"<p>El Presidente Municipal de Villa de \u00c1lvarez, Felipe Cruz Calvario, y autoridades educativas y gubernamentales entregaron reconocimientos a maestras y maestros del Instituto Tecnol\u00f3gico Regional de Colima, por 10, 15, 20, 25, 30 y 35 a\u00f1os de servicio acad\u00e9mico.<\/p>\n<p>Lo anterior, en el marco del 43 Aniversario de esta instituci\u00f3n educativa de educaci\u00f3n superior en el Estado de Colima, evento desarrollado en el Auditorio La Paz, dentro de este mismo plantel educativo.<\/p>\n<p>Durante esta entrega de reconocimientos, adem\u00e1s del alcalde de Villa de \u00c1lvarez estuvieron presentes el Secretario de Educaci\u00f3n Jaime Flores Merlo; la Directora de esta instituci\u00f3n, Ana Rosa Bra\u00f1a Castillo; Indira Vizca\u00edno Silva, Delegada Estatal de Programas Sociales del Gobierno Federal; la Diputada Local Jazm\u00edn Garc\u00eda, Presidenta del Congreso del Estado; y, en representaci\u00f3n del Ayuntamiento de Colima, el Regidor Omar Su\u00e1rez Zaizar.<\/p>\n","protected":false},"excerpt":{"rendered":"<p>El Presidente Municipal de Villa de \u00c1lvarez, Felipe Cruz Calvario, y autoridades educativas y gubernamentales entregaron reconocimientos a maestras y maestros del Instituto Tecnol\u00f3gico Regional de Colima, por 10, 15, 20, 25, 30 y 35 a\u00f1os de servicio acad\u00e9mico. Lo anterior, en el marco del 43 Aniversario de esta instituci\u00f3n educativa de educaci\u00f3n superior en&#8230;<\/p>\n","protected":false},"author":2,"featured_media":7510,"comment_status":"open","ping_status":"open","sticky":false,"template":"","format":"standard","meta":{"footnotes":""},"categories":[8,42],"tags":[29,30,28],"class_list":["post-7509","post","type-post","status-publish","format-standard","has-post-thumbnail","hentry","category-municipios","category-villa-de-alvarez","tag-grid","tag-news","tag-slider"],"_links":{"self":[{"href":"http:\/\/elobservatorio.com.mx\/index.php?rest_route=\/wp\/v2\/posts\/7509"}],"collection":[{"href":"http:\/\/elobservatorio.com.mx\/index.php?rest_route=\/wp\/v2\/posts"}],"about":[{"href":"http:\/\/elobservatorio.com.mx\/index.php?rest_route=\/wp\/v2\/types\/post"}],"author":[{"embeddable":true,"href":"http:\/\/elobservatorio.com.mx\/index.php?rest_route=\/wp\/v2\/users\/2"}],"replies":[{"embeddable":true,"href":"http:\/\/elobservatorio.com.mx\/index.php?rest_route=%2Fwp%2Fv2%2Fcomments&post=7509"}],"version-history":[{"count":0,"href":"http:\/\/elobservatorio.com.mx\/index.php?rest_route=\/wp\/v2\/posts\/7509\/revisions"}],"wp:featuredmedia":[{"embeddable":true,"href":"http:\/\/elobservatorio.com.mx\/index.php?rest_route=\/wp\/v2\/media\/7510"}],"wp:attachment":[{"href":"http:\/\/elobservatorio.com.mx\/index.php?rest_route=%2Fwp%2Fv2%2Fmedia&parent=7509"}],"wp:term":[{"taxonomy":"category","embeddable":true,"href":"http:\/\/elobservatorio.com.mx\/index.php?rest_route=%2Fwp%2Fv2%2Fcategories&post=7509"},{"taxonomy":"post_tag","embeddable":true,"href":"http:\/\/elobservatorio.com.mx\/index.php?rest_route=%2Fwp%2Fv2%2Ftags&post=7509"}],"curies":[{"name":"wp","href":"https:\/\/api.w.org\/{rel}","templated":true}]}}