{"id":7512,"date":"2019-10-08T00:56:52","date_gmt":"2019-10-08T00:56:52","guid":{"rendered":"http:\/\/elobservatorio.com.mx\/gobierno-del-estado-informa-sobre-trabajo-en-canada-para-profesionistas"},"modified":"2019-10-08T00:56:52","modified_gmt":"2019-10-08T00:56:52","slug":"gobierno-del-estado-informa-sobre-trabajo-en-canada-para-profesionistas","status":"publish","type":"post","link":"http:\/\/elobservatorio.com.mx\/?p=7512","title":{"rendered":"Gobierno del Estado informa sobre trabajo en Canad\u00e1 para profesionistas"},"content":{"rendered":"<p class=\"x_MsoNormal\"><em>*El 13 de octubre cierra la convocatoria<\/em><\/p>\n<p class=\"x_MsoNormal\">El secretario del Trabajo y Previsi\u00f3n Social del Gobierno del Estado, (Setcol), Vicente Reyna P\u00e9rez, dio a conocer que el pr\u00f3ximo 13 de octubre cerrar\u00e1 la Convocatoria de Empleo para mexicanos interesados en ocupar un empleo calificado en Quebec, Canad\u00e1.<\/p>\n<p class=\"x_MsoNormal\">Detall\u00f3 que entre las vacantes ofrecidas se encuentran: analista inform\u00e1tico, desarrollador Java\/.Net, enfermero auxiliar, soldador y operador de m\u00e1quinas, por mencionar algunas.<\/p>\n<p class=\"x_MsoNormal\">Entre los requisitos para postularse destacan t\u00edtulo t\u00e9cnico, t\u00edtulo universitario o constancia de estudios, seg\u00fan la vacante; experiencia laboral comprobable de por lo menos 1 a\u00f1o y conocimiento del idioma franc\u00e9s de b\u00e1sico a avanzado.<\/p>\n<p class=\"x_MsoNormal\">Las condiciones laborales ofrecidas son las mismas que las de los trabajadores locales, adem\u00e1s los empleadores apoyar\u00e1n para la obtenci\u00f3n de documentos de inmigraci\u00f3n a quienes sean seleccionados.<\/p>\n<p class=\"x_MsoNormal\">Este tr\u00e1mite, resalt\u00f3 Reyna P\u00e9rez, es gratuito y los interesados pueden acceder a la p\u00e1gina https:\/\/www.empleo.gob.mx\/trabaja-en-el-extranjero.<\/p>\n<p class=\"x_MsoNormal\">Asimismo deber\u00e1 completar un perfil en el sitio www.quebecenlacabeza.com, indicando su formaci\u00f3n acad\u00e9mica y experiencia profesional, en franc\u00e9s, y seleccionar la vacante a la que se postula.<\/p>\n<p class=\"x_MsoNormal\">Tambi\u00e9n pueden acudir a las oficinas de la dependencia a su cargo para recibir mayor informaci\u00f3n ubicada en el Tercer Anillo Perif\u00e9rico, Esq. Av. Ej\u00e9rcito Mexicano, s\/n, Complejo Administrativo del Gobierno, del Estado, Edif. A, 2\u00b0. Piso. o comunicarse al Tel. 01 (312) 31-62000 Ext. 26119, 26120 y 26121.<\/p>\n<p class=\"x_MsoNormal\">Finalmente mencion\u00f3 que las empresas quebequenses realizar\u00e1n entrevistas presenciales a los candidatos preseleccionados del 5 al 6 de noviembre en Zapopan, Jalisco.<\/p>\n","protected":false},"excerpt":{"rendered":"<p>*El 13 de octubre cierra la convocatoria El secretario del Trabajo y Previsi\u00f3n Social del Gobierno del Estado, (Setcol), Vicente Reyna P\u00e9rez, dio a conocer que el pr\u00f3ximo 13 de octubre cerrar\u00e1 la Convocatoria de Empleo para mexicanos interesados en ocupar un empleo calificado en Quebec, Canad\u00e1. Detall\u00f3 que entre las vacantes ofrecidas se encuentran:&#8230;<\/p>\n","protected":false},"author":2,"featured_media":7513,"comment_status":"open","ping_status":"open","sticky":false,"template":"","format":"standard","meta":{"footnotes":""},"categories":[16],"tags":[29,30,28],"class_list":["post-7512","post","type-post","status-publish","format-standard","has-post-thumbnail","hentry","category-gobierno","tag-grid","tag-news","tag-slider"],"_links":{"self":[{"href":"http:\/\/elobservatorio.com.mx\/index.php?rest_route=\/wp\/v2\/posts\/7512"}],"collection":[{"href":"http:\/\/elobservatorio.com.mx\/index.php?rest_route=\/wp\/v2\/posts"}],"about":[{"href":"http:\/\/elobservatorio.com.mx\/index.php?rest_route=\/wp\/v2\/types\/post"}],"author":[{"embeddable":true,"href":"http:\/\/elobservatorio.com.mx\/index.php?rest_route=\/wp\/v2\/users\/2"}],"replies":[{"embeddable":true,"href":"http:\/\/elobservatorio.com.mx\/index.php?rest_route=%2Fwp%2Fv2%2Fcomments&post=7512"}],"version-history":[{"count":0,"href":"http:\/\/elobservatorio.com.mx\/index.php?rest_route=\/wp\/v2\/posts\/7512\/revisions"}],"wp:featuredmedia":[{"embeddable":true,"href":"http:\/\/elobservatorio.com.mx\/index.php?rest_route=\/wp\/v2\/media\/7513"}],"wp:attachment":[{"href":"http:\/\/elobservatorio.com.mx\/index.php?rest_route=%2Fwp%2Fv2%2Fmedia&parent=7512"}],"wp:term":[{"taxonomy":"category","embeddable":true,"href":"http:\/\/elobservatorio.com.mx\/index.php?rest_route=%2Fwp%2Fv2%2Fcategories&post=7512"},{"taxonomy":"post_tag","embeddable":true,"href":"http:\/\/elobservatorio.com.mx\/index.php?rest_route=%2Fwp%2Fv2%2Ftags&post=7512"}],"curies":[{"name":"wp","href":"https:\/\/api.w.org\/{rel}","templated":true}]}}