{"id":760,"date":"2018-11-29T02:44:43","date_gmt":"2018-11-29T02:44:43","guid":{"rendered":"http:\/\/elobservatorio.com.mx\/asignaran-tablados-en-la-petatera-de-villa-de-alvarez"},"modified":"2018-11-29T02:44:43","modified_gmt":"2018-11-29T02:44:43","slug":"asignaran-tablados-en-la-petatera-de-villa-de-alvarez","status":"publish","type":"post","link":"http:\/\/elobservatorio.com.mx\/?p=760","title":{"rendered":"Asignar\u00e1n tablados en La Petatera de Villa de Alvarez"},"content":{"rendered":"<p><em>*Con la presencia del presidente municipal de Villa de \u00c1lvarez se lleva a cabo segunda sesi\u00f3n del Patronato de los Festejos Charrotaurinos de Villa de \u00c1lvarez<\/em><\/p>\n<p><em>\u2022*Estuvieron presentes los integrantes del Patronato de las Fiestas Charrotaurinas Villa de \u00c1lvarez 2018 \u2013 2021, el Profr. H\u00e9ctor Manuel Torres Gonz\u00e1lez, Secretario; Contador Luis Ram\u00f3n Garc\u00eda Gonz\u00e1lez, Tesorero; Erandi Yunu\u00e9n Rodr\u00edguez, regidora y representante del Ayuntamiento; Juan Hilario Reyes Grajeda, Comisario; y los Patronos: Gabriel Monta\u00f1o Centeno, Ing. Roberto Marco Tulio Delgado Cuevas, Lic. Oscar Gait\u00e1n Cabrera, Ing. Arnoldo Rosales, Ing. Jos\u00e9 Luis Rebolledo S\u00e1nchez e Ing. Jos\u00e9 Fern\u00e1ndez Cabrera, Administrador Plaza de Toros.<\/em><\/p>\n<p><em>\u2022* El 3 de Diciembre empieza la construcci\u00f3n de la Majestuosa Plaza de Toros \u201cLa Petatera\u201d, para la Edici\u00f3n 162 en honor a San Felipe de Jes\u00fas, si las condiciones climatol\u00f3gicas lo permiten.<\/em><\/p>\n<p>El Administrador de los Festejos Charrotaurinos de Villa de \u00c1lvarez, Jorge Fernandez Cerda, inform\u00f3 que el pasado fin de semana cerr\u00f3 la convocatoria de tablados, recibi\u00e9ndose la cantidad de 130 solicitudes, las cuales someti\u00f3 a consideraci\u00f3n del Patronato, para su selecci\u00f3n, donde se tomaron en cuenta varios aspectos, entre ellos el de realzar y conservar la tradici\u00f3n.<\/p>\n<p>Fern\u00e1ndez Cerda, durante la segunda sesi\u00f3n ordinaria del Patronato de Festejos Charrotaurinos, inform\u00f3 que la lista de seleccionados se comunicar\u00e1 de manera directa a los interesados, entreg\u00e1ndoles constancias a partir del mi\u00e9rcoles 28 de noviembre del 2018.<\/p>\n<p>El Administrador de los Festejos Charrotaurinos se\u00f1al\u00f3 que son 70 tablados, de los cuales 3 corresponden al Ayuntamiento y 67 por asignar; record\u00f3 que el ruedo es de 60 metros, en cuya construcci\u00f3n participan 27 artesanos; en cuanto a materiales,\u00a0 se lleva 168,000 kilos de mecate o de soga de ixtle; 1,890 petates, 1,330 otates, 1,750 tablas, 3,920 escuadras, 350 horcones para grader\u00eda y sostener la techumbre, 70 horcones de madera que funciona como pilares exteriores.<\/p>\n<p>En la misma sesi\u00f3n Fern\u00e1ndez Cerda dio a conocer que se girar\u00e1 oficio para solicitar que el municipio de Colima no d\u00e9 permisos para la realizaci\u00f3n de eventos art\u00edsticos en temporada de la realizaci\u00f3n de estos festejos, e inform\u00f3 que el Ayuntamiento y el Patronato de Festejos Charrotaurinos llev\u00f3 a cabo la firma de convenio con la empresa Mundo Torero, por los pr\u00f3ximos 3 a\u00f1os, para las corridas de toros.<\/p>\n<p>Finalmente, considerando inquietudes de ciudadanos y empresarios, Fern\u00e1ndez Cerda record\u00f3 que las oficinas del Patronato est\u00e1n ubicadas en los terrenos de la feria, rumbo a la carretera Villa de \u00c1lvarez \u2013 Minatitl\u00e1n, y que las oficinas cuentan con un horario de lunes a s\u00e1bado, de 9:00 am a 3:00 pm; el tel\u00e9fono, para cualquier duda e informaci\u00f3n, es 31 12332, se cuenta con la P\u00e1gina de Facebook: Patronato de Festejos Charrotaurinos de Villa de Alvarez Oficial.<\/p>\n","protected":false},"excerpt":{"rendered":"<p>*Con la presencia del presidente municipal de Villa de \u00c1lvarez se lleva a cabo segunda sesi\u00f3n del Patronato de los Festejos Charrotaurinos de Villa de \u00c1lvarez \u2022*Estuvieron presentes los integrantes del Patronato de las Fiestas Charrotaurinas Villa de \u00c1lvarez 2018 \u2013 2021, el Profr. H\u00e9ctor Manuel Torres Gonz\u00e1lez, Secretario; Contador Luis Ram\u00f3n Garc\u00eda Gonz\u00e1lez, Tesorero;&#8230;<\/p>\n","protected":false},"author":2,"featured_media":761,"comment_status":"open","ping_status":"open","sticky":false,"template":"","format":"standard","meta":{"footnotes":""},"categories":[8,12,42],"tags":[29,30,28],"class_list":["post-760","post","type-post","status-publish","format-standard","has-post-thumbnail","hentry","category-municipios","category-sociedad","category-villa-de-alvarez","tag-grid","tag-news","tag-slider"],"_links":{"self":[{"href":"http:\/\/elobservatorio.com.mx\/index.php?rest_route=\/wp\/v2\/posts\/760"}],"collection":[{"href":"http:\/\/elobservatorio.com.mx\/index.php?rest_route=\/wp\/v2\/posts"}],"about":[{"href":"http:\/\/elobservatorio.com.mx\/index.php?rest_route=\/wp\/v2\/types\/post"}],"author":[{"embeddable":true,"href":"http:\/\/elobservatorio.com.mx\/index.php?rest_route=\/wp\/v2\/users\/2"}],"replies":[{"embeddable":true,"href":"http:\/\/elobservatorio.com.mx\/index.php?rest_route=%2Fwp%2Fv2%2Fcomments&post=760"}],"version-history":[{"count":0,"href":"http:\/\/elobservatorio.com.mx\/index.php?rest_route=\/wp\/v2\/posts\/760\/revisions"}],"wp:featuredmedia":[{"embeddable":true,"href":"http:\/\/elobservatorio.com.mx\/index.php?rest_route=\/wp\/v2\/media\/761"}],"wp:attachment":[{"href":"http:\/\/elobservatorio.com.mx\/index.php?rest_route=%2Fwp%2Fv2%2Fmedia&parent=760"}],"wp:term":[{"taxonomy":"category","embeddable":true,"href":"http:\/\/elobservatorio.com.mx\/index.php?rest_route=%2Fwp%2Fv2%2Fcategories&post=760"},{"taxonomy":"post_tag","embeddable":true,"href":"http:\/\/elobservatorio.com.mx\/index.php?rest_route=%2Fwp%2Fv2%2Ftags&post=760"}],"curies":[{"name":"wp","href":"https:\/\/api.w.org\/{rel}","templated":true}]}}