{"id":7642,"date":"2019-10-20T02:13:19","date_gmt":"2019-10-20T02:13:19","guid":{"rendered":"http:\/\/elobservatorio.com.mx\/presentan-obra-%e2%80%9crosa-de-dos-aromas%e2%80%9d-en-manzanillo"},"modified":"2019-10-20T02:13:19","modified_gmt":"2019-10-20T02:13:19","slug":"presentan-obra-%e2%80%9crosa-de-dos-aromas%e2%80%9d-en-manzanillo","status":"publish","type":"post","link":"http:\/\/elobservatorio.com.mx\/?p=7642","title":{"rendered":"Presentan obra \u201cRosa de dos aromas\u201d, en Manzanillo"},"content":{"rendered":"<p><em>*Con las actuaciones de Claudia Delgadillo Novela y Edith Valerio Navarro.<\/em><\/p>\n<p>En d\u00edas pasados, la Compa\u00f1\u00eda de Teatro del Centro Universitario de Bellas Artes de la Universidad de Colima en Manzanillo present\u00f3 la obra teatral \u201cRosa de dos aromas\u201d, original de Emilio Carbadillo, en la explanada de la Facultad de Comercio Exterior, con las actuaciones de Claudia Delgadillo Novela y Edith Valerio Navarro.<\/p>\n<p>\u201cRosa de dos aromas\u201d es una puesta en escena que cuenta la historia de Marlene y Gabriela, dos mujeres de origen y costumbres muy distintas que, debido a circunstancias y pese a sus diferencias, ven unidos sus destinos para cumplir una meta, descubriendo as\u00ed el valor de la amistad y de s\u00ed mismas.<\/p>\n<p>De manera sat\u00edrica, la pieza entrelaz\u00f3 temas presentes en la sociedad, como el machismo, la infidelidad, la doble moral, la mujer trabajadora, la corrupci\u00f3n pol\u00edtica y la estima propia.<\/p>\n<p>Por \u00faltimo, la directora de la obra, Claudia Delgadillo agradeci\u00f3 la aceptaci\u00f3n del p\u00fablico a su trabajo e invit\u00f3 a continuar apoyando el desarrollo de estas actividades \u201cpara rescatar la cultura en Manzanillo\u201d.<\/p>\n<p>&nbsp;<\/p>\n","protected":false},"excerpt":{"rendered":"<p>*Con las actuaciones de Claudia Delgadillo Novela y Edith Valerio Navarro. En d\u00edas pasados, la Compa\u00f1\u00eda de Teatro del Centro Universitario de Bellas Artes de la Universidad de Colima en Manzanillo present\u00f3 la obra teatral \u201cRosa de dos aromas\u201d, original de Emilio Carbadillo, en la explanada de la Facultad de Comercio Exterior, con las actuaciones&#8230;<\/p>\n","protected":false},"author":2,"featured_media":7644,"comment_status":"open","ping_status":"open","sticky":false,"template":"","format":"standard","meta":{"footnotes":""},"categories":[14,32],"tags":[29,30,28],"class_list":["post-7642","post","type-post","status-publish","format-standard","has-post-thumbnail","hentry","category-educacion-y-cultura","category-escenario","tag-grid","tag-news","tag-slider"],"_links":{"self":[{"href":"http:\/\/elobservatorio.com.mx\/index.php?rest_route=\/wp\/v2\/posts\/7642"}],"collection":[{"href":"http:\/\/elobservatorio.com.mx\/index.php?rest_route=\/wp\/v2\/posts"}],"about":[{"href":"http:\/\/elobservatorio.com.mx\/index.php?rest_route=\/wp\/v2\/types\/post"}],"author":[{"embeddable":true,"href":"http:\/\/elobservatorio.com.mx\/index.php?rest_route=\/wp\/v2\/users\/2"}],"replies":[{"embeddable":true,"href":"http:\/\/elobservatorio.com.mx\/index.php?rest_route=%2Fwp%2Fv2%2Fcomments&post=7642"}],"version-history":[{"count":0,"href":"http:\/\/elobservatorio.com.mx\/index.php?rest_route=\/wp\/v2\/posts\/7642\/revisions"}],"wp:featuredmedia":[{"embeddable":true,"href":"http:\/\/elobservatorio.com.mx\/index.php?rest_route=\/wp\/v2\/media\/7644"}],"wp:attachment":[{"href":"http:\/\/elobservatorio.com.mx\/index.php?rest_route=%2Fwp%2Fv2%2Fmedia&parent=7642"}],"wp:term":[{"taxonomy":"category","embeddable":true,"href":"http:\/\/elobservatorio.com.mx\/index.php?rest_route=%2Fwp%2Fv2%2Fcategories&post=7642"},{"taxonomy":"post_tag","embeddable":true,"href":"http:\/\/elobservatorio.com.mx\/index.php?rest_route=%2Fwp%2Fv2%2Ftags&post=7642"}],"curies":[{"name":"wp","href":"https:\/\/api.w.org\/{rel}","templated":true}]}}