{"id":7646,"date":"2019-10-20T02:45:35","date_gmt":"2019-10-20T02:45:35","guid":{"rendered":"http:\/\/elobservatorio.com.mx\/ofrece-angulo-movil-montaje-escenico-%e2%80%9cretrospectiva%e2%80%9d"},"modified":"2019-10-20T02:45:35","modified_gmt":"2019-10-20T02:45:35","slug":"ofrece-angulo-movil-montaje-escenico-%e2%80%9cretrospectiva%e2%80%9d","status":"publish","type":"post","link":"http:\/\/elobservatorio.com.mx\/?p=7646","title":{"rendered":"Ofrece \u00c1ngulo M\u00f3vil montaje esc\u00e9nico \u201cRetrospectiva\u201d"},"content":{"rendered":"<p><em>*Se estar\u00e1 presentando hasta el 29 de octubre en el Foro \u201cPablo Silva Garc\u00eda\u201d.<\/em><\/p>\n<p>Hace unos d\u00edas, como parte del programa Foro danza de la Universidad de Colima, la Compa\u00f1\u00eda de Danza \u00c1ngulo M\u00f3vil present\u00f3 la obra \u201cRetrospectiva\u201d, bajo la direcci\u00f3n de Ignacio S\u00e1nchez Verduzco, en el Foro \u201cPablo Silva Garc\u00eda\u201d.<\/p>\n<p>Ante un lleno total, su director explic\u00f3 que \u00c1ngulo M\u00f3vil presenta propuestas de trabajo que se han caracterizado \u201cpor una idea s\u00f3lida para la din\u00e1mica cultural de nuestro pa\u00eds: Promovemos un espacio de creaci\u00f3n y participaci\u00f3n que permite, adem\u00e1s del ensayo f\u00edsico, emotivo e intelectual, concebir nuestras producciones esc\u00e9nicas como un medio de expresi\u00f3n comprometido con la sociedad\u201d, se\u00f1al\u00f3.<\/p>\n<p>Asimismo, explic\u00f3 que han trabajado durante diez a\u00f1os gracias a la colaboraci\u00f3n de artistas, amigos y compa\u00f1eros \u201cque han dejado como legado su pasi\u00f3n. Concebimos una danza que nace desde las entra\u00f1as, vislumbramos la puerta que descubre nuestra esencia, nos desnuda y conecta con el entorno donde la experiencia aporta a la po\u00e9tica para reinventarnos\u201d.<\/p>\n<p>El director, Ignacio S\u00e1nchez, revel\u00f3 que \u00c1ngulo M\u00f3vil ha representado a Colima en foros nacionales e internacionales, colaborando en la formaci\u00f3n de p\u00fablicos y facilitando adem\u00e1s la asesor\u00eda de expertos que les han brindado su acompa\u00f1amiento en el \u00e1mbito de la Danza.<\/p>\n<p>Dijo que esta trayectoria no ha sido f\u00e1cil, pero s\u00ed gratificante: \u201cSeguimos en la b\u00fasqueda de reafirmar nuestra concepci\u00f3n de la Danza, respondiendo a nuestra filosof\u00eda de trabajo que se construye con valores de honestidad, respeto, dignidad, perseverancia y pertinencia. Nuestro objetivo no es s\u00f3lo hacer danza, sino convertirnos en ella\u201d.<\/p>\n<p>\u00c1ngulo M\u00f3vil, integrada por bailarines egresados de la Licenciatura en Danza Esc\u00e9nica de la Universidad de Colima, se estar\u00e1 presentando hasta el 29 de octubre en el Foro \u201cPablo Silva Garc\u00eda\u201d. La entrada tiene un costo de 60 pesos, con 50 por ciento de descuento para la Red Cultural UdeC.<\/p>\n<p>&nbsp;<\/p>\n<p>&nbsp;<\/p>\n<p>&nbsp;<\/p>\n<p>&nbsp;<\/p>\n<p>&nbsp;<\/p>\n","protected":false},"excerpt":{"rendered":"<p>*Se estar\u00e1 presentando hasta el 29 de octubre en el Foro \u201cPablo Silva Garc\u00eda\u201d. Hace unos d\u00edas, como parte del programa Foro danza de la Universidad de Colima, la Compa\u00f1\u00eda de Danza \u00c1ngulo M\u00f3vil present\u00f3 la obra \u201cRetrospectiva\u201d, bajo la direcci\u00f3n de Ignacio S\u00e1nchez Verduzco, en el Foro \u201cPablo Silva Garc\u00eda\u201d. Ante un lleno total,&#8230;<\/p>\n","protected":false},"author":2,"featured_media":7647,"comment_status":"open","ping_status":"open","sticky":false,"template":"","format":"standard","meta":{"footnotes":""},"categories":[14],"tags":[29,30,28],"class_list":["post-7646","post","type-post","status-publish","format-standard","has-post-thumbnail","hentry","category-educacion-y-cultura","tag-grid","tag-news","tag-slider"],"_links":{"self":[{"href":"http:\/\/elobservatorio.com.mx\/index.php?rest_route=\/wp\/v2\/posts\/7646"}],"collection":[{"href":"http:\/\/elobservatorio.com.mx\/index.php?rest_route=\/wp\/v2\/posts"}],"about":[{"href":"http:\/\/elobservatorio.com.mx\/index.php?rest_route=\/wp\/v2\/types\/post"}],"author":[{"embeddable":true,"href":"http:\/\/elobservatorio.com.mx\/index.php?rest_route=\/wp\/v2\/users\/2"}],"replies":[{"embeddable":true,"href":"http:\/\/elobservatorio.com.mx\/index.php?rest_route=%2Fwp%2Fv2%2Fcomments&post=7646"}],"version-history":[{"count":0,"href":"http:\/\/elobservatorio.com.mx\/index.php?rest_route=\/wp\/v2\/posts\/7646\/revisions"}],"wp:featuredmedia":[{"embeddable":true,"href":"http:\/\/elobservatorio.com.mx\/index.php?rest_route=\/wp\/v2\/media\/7647"}],"wp:attachment":[{"href":"http:\/\/elobservatorio.com.mx\/index.php?rest_route=%2Fwp%2Fv2%2Fmedia&parent=7646"}],"wp:term":[{"taxonomy":"category","embeddable":true,"href":"http:\/\/elobservatorio.com.mx\/index.php?rest_route=%2Fwp%2Fv2%2Fcategories&post=7646"},{"taxonomy":"post_tag","embeddable":true,"href":"http:\/\/elobservatorio.com.mx\/index.php?rest_route=%2Fwp%2Fv2%2Ftags&post=7646"}],"curies":[{"name":"wp","href":"https:\/\/api.w.org\/{rel}","templated":true}]}}