{"id":769,"date":"2018-11-29T02:57:00","date_gmt":"2018-11-29T02:57:00","guid":{"rendered":"http:\/\/elobservatorio.com.mx\/ayuntamiento-y-cepavi-se-coordinan-para-prevenir-violencia-intrafamiliar"},"modified":"2018-11-29T02:57:00","modified_gmt":"2018-11-29T02:57:00","slug":"ayuntamiento-y-cepavi-se-coordinan-para-prevenir-violencia-intrafamiliar","status":"publish","type":"post","link":"http:\/\/elobservatorio.com.mx\/?p=769","title":{"rendered":"Ayuntamiento y Cepavi se coordinan para prevenir violencia Intrafamiliar"},"content":{"rendered":"<p><em>*Alcalde recibi\u00f3 a la directora de este consejo preventivo contra la violencia intrafamiliar <\/em><\/p>\n<p>Nos coordinaremos con directivos y personal del Consejo Estatal para la Prevenci\u00f3n y Atenci\u00f3n a la Violencia Intrafamiliar (Cepavi), con el objetivo de fortalecer las instituciones responsables de trabajar en l\u00edneas preventivas del delito y de la violencia.<\/p>\n<p>As\u00ed lo expres\u00f3 Felipe Cruz Calvario, durante una reuni\u00f3n de trabajo con integrantes del Cepavi, en la que estuvieron presentes la directora de este Consejo, Nancy Carolina Lao Contreras; la directora del DIF Municipal, Lorena Novela, y el director de Seguridad P\u00fablica del Ayuntamiento, Sergio Granados Aguilar.<\/p>\n<p>En la oficina del alcalde, \u00e9ste y la titular del Cepavi coincidieron en agendar un trabajo coordinado, firmar un convenio de trabajo, integrar al Ayuntamiento al Consejo y capacitar a los polic\u00edas municipales para atener casos de violencia intrafamiliar con el protocolo apropiado.<\/p>\n","protected":false},"excerpt":{"rendered":"<p>*Alcalde recibi\u00f3 a la directora de este consejo preventivo contra la violencia intrafamiliar Nos coordinaremos con directivos y personal del Consejo Estatal para la Prevenci\u00f3n y Atenci\u00f3n a la Violencia Intrafamiliar (Cepavi), con el objetivo de fortalecer las instituciones responsables de trabajar en l\u00edneas preventivas del delito y de la violencia. As\u00ed lo expres\u00f3 Felipe&#8230;<\/p>\n","protected":false},"author":2,"featured_media":770,"comment_status":"open","ping_status":"open","sticky":false,"template":"","format":"standard","meta":{"footnotes":""},"categories":[8,42],"tags":[29,30,28],"class_list":["post-769","post","type-post","status-publish","format-standard","has-post-thumbnail","hentry","category-municipios","category-villa-de-alvarez","tag-grid","tag-news","tag-slider"],"_links":{"self":[{"href":"http:\/\/elobservatorio.com.mx\/index.php?rest_route=\/wp\/v2\/posts\/769"}],"collection":[{"href":"http:\/\/elobservatorio.com.mx\/index.php?rest_route=\/wp\/v2\/posts"}],"about":[{"href":"http:\/\/elobservatorio.com.mx\/index.php?rest_route=\/wp\/v2\/types\/post"}],"author":[{"embeddable":true,"href":"http:\/\/elobservatorio.com.mx\/index.php?rest_route=\/wp\/v2\/users\/2"}],"replies":[{"embeddable":true,"href":"http:\/\/elobservatorio.com.mx\/index.php?rest_route=%2Fwp%2Fv2%2Fcomments&post=769"}],"version-history":[{"count":0,"href":"http:\/\/elobservatorio.com.mx\/index.php?rest_route=\/wp\/v2\/posts\/769\/revisions"}],"wp:featuredmedia":[{"embeddable":true,"href":"http:\/\/elobservatorio.com.mx\/index.php?rest_route=\/wp\/v2\/media\/770"}],"wp:attachment":[{"href":"http:\/\/elobservatorio.com.mx\/index.php?rest_route=%2Fwp%2Fv2%2Fmedia&parent=769"}],"wp:term":[{"taxonomy":"category","embeddable":true,"href":"http:\/\/elobservatorio.com.mx\/index.php?rest_route=%2Fwp%2Fv2%2Fcategories&post=769"},{"taxonomy":"post_tag","embeddable":true,"href":"http:\/\/elobservatorio.com.mx\/index.php?rest_route=%2Fwp%2Fv2%2Ftags&post=769"}],"curies":[{"name":"wp","href":"https:\/\/api.w.org\/{rel}","templated":true}]}}