{"id":776,"date":"2018-11-29T03:16:57","date_gmt":"2018-11-29T03:16:57","guid":{"rendered":"http:\/\/elobservatorio.com.mx\/se-las-metimos-doblada-paco-ignacio-taibo-ii"},"modified":"2018-11-29T03:16:57","modified_gmt":"2018-11-29T03:16:57","slug":"se-las-metimos-doblada-paco-ignacio-taibo-ii","status":"publish","type":"post","link":"http:\/\/elobservatorio.com.mx\/?p=776","title":{"rendered":"Se las metimos doblada: Paco Ignacio Taibo II"},"content":{"rendered":"<p><em>*El escritor hizo el comentario, durante su participaci\u00f3n en la FIL, sobre su designaci\u00f3n al frente del FCE<\/em><\/p>\n<p>El escritor Paco Ignacio Taibo II, quien ya se asume como el nuevo director del Fondo de Cultura Econ\u00f3mica, se dirigi\u00f3 al p\u00fablico de la Feria Internacional del Libro de Guadalajara felicit\u00e1ndose de que la aplanadora de Morena en el nuevo gobierno pr\u00e1cticamente ya lo llev\u00f3 a reinar en el Ajusco.\u00a0<strong>\u00ab\u00a1Sea como sea se las metimos doblada, camaradas!\u00bb, diagnostic\u00f3 para regocijo de su p\u00fablico que escuchaba la explicaci\u00f3n de c\u00f3mo se est\u00e1 cambiando la ley a pesar de quienes se han opuesto a su designaci\u00f3n.\u00a0<\/strong><\/p>\n<p>Luego, ya entrado en gastos, el maestro Taibo dict\u00f3 c\u00e1tedra sobre las lecciones que dej\u00f3 la conquista en las urnas del 1 de julio.<\/p>\n<div id=\"div-pos-2\"><strong>Seg\u00fan \u00e9l, la victoria les ha dado el derecho de llamar a las cosas por su nombre: \u00abladrones a los ladrones, traidores a los traidores<\/strong>, enmascarados a los enmascarados y cu\u00bbs a los cu..s\u00bb. Eso s\u00ed, reconoci\u00f3 que \u00abse pasa de l\u00e9pero\u00bb en sus comentarios. Muy bien. \u00bfAlguien le llevar\u00e1 la contra al maestro en eso de ser l\u00e9pero&#8230;?<\/div>\n<div><\/div>\n<div><em>Con informaci\u00f3n de ElInformador.mx<\/em><\/div>\n","protected":false},"excerpt":{"rendered":"<p>*El escritor hizo el comentario, durante su participaci\u00f3n en la FIL, sobre su designaci\u00f3n al frente del FCE El escritor Paco Ignacio Taibo II, quien ya se asume como el nuevo director del Fondo de Cultura Econ\u00f3mica, se dirigi\u00f3 al p\u00fablico de la Feria Internacional del Libro de Guadalajara felicit\u00e1ndose de que la aplanadora de&#8230;<\/p>\n","protected":false},"author":2,"featured_media":777,"comment_status":"open","ping_status":"open","sticky":false,"template":"","format":"standard","meta":{"footnotes":""},"categories":[13],"tags":[29,30,28],"class_list":["post-776","post","type-post","status-publish","format-standard","has-post-thumbnail","hentry","category-nacion-y-mundo","tag-grid","tag-news","tag-slider"],"_links":{"self":[{"href":"http:\/\/elobservatorio.com.mx\/index.php?rest_route=\/wp\/v2\/posts\/776"}],"collection":[{"href":"http:\/\/elobservatorio.com.mx\/index.php?rest_route=\/wp\/v2\/posts"}],"about":[{"href":"http:\/\/elobservatorio.com.mx\/index.php?rest_route=\/wp\/v2\/types\/post"}],"author":[{"embeddable":true,"href":"http:\/\/elobservatorio.com.mx\/index.php?rest_route=\/wp\/v2\/users\/2"}],"replies":[{"embeddable":true,"href":"http:\/\/elobservatorio.com.mx\/index.php?rest_route=%2Fwp%2Fv2%2Fcomments&post=776"}],"version-history":[{"count":0,"href":"http:\/\/elobservatorio.com.mx\/index.php?rest_route=\/wp\/v2\/posts\/776\/revisions"}],"wp:featuredmedia":[{"embeddable":true,"href":"http:\/\/elobservatorio.com.mx\/index.php?rest_route=\/wp\/v2\/media\/777"}],"wp:attachment":[{"href":"http:\/\/elobservatorio.com.mx\/index.php?rest_route=%2Fwp%2Fv2%2Fmedia&parent=776"}],"wp:term":[{"taxonomy":"category","embeddable":true,"href":"http:\/\/elobservatorio.com.mx\/index.php?rest_route=%2Fwp%2Fv2%2Fcategories&post=776"},{"taxonomy":"post_tag","embeddable":true,"href":"http:\/\/elobservatorio.com.mx\/index.php?rest_route=%2Fwp%2Fv2%2Ftags&post=776"}],"curies":[{"name":"wp","href":"https:\/\/api.w.org\/{rel}","templated":true}]}}