{"id":7797,"date":"2019-10-30T14:10:43","date_gmt":"2019-10-30T20:10:43","guid":{"rendered":"http:\/\/elobservatorio.com.mx\/?p=7797"},"modified":"2019-10-30T15:16:17","modified_gmt":"2019-10-30T21:16:17","slug":"los-simios-de-morena","status":"publish","type":"post","link":"http:\/\/elobservatorio.com.mx\/?p=7797","title":{"rendered":"Los simios de MORENA"},"content":{"rendered":"<p>\u201c<strong><em>Todos los hombres nacen en la igualdad, pero no saben permanecer mucho tiempo en ella<\/em><\/strong>\u201d<\/p>\n<p><strong>Montaigne,<\/strong><\/p>\n<p><strong><em>Javier Montes Camarena *Locutor y Periodista &lt;&gt; <\/em><\/strong><a href=\"http:\/\/www.enlacemanzanillo.com\" target=\"_blank\" rel=\"noopener\"><strong><em>www.enlacemanzanillo.com<\/em><\/strong><\/a><\/p>\n<p><strong>D\u00e9jenme decirles que: <\/strong>La desilusi\u00f3n lleg\u00f3 y pronto.<\/p>\n<p>Una violencia m\u00e1s ocurrida en la elecci\u00f3n de delegados del partido pol\u00edtico del gobierno de la <strong>4T<\/strong>, quienes se precian de ser distintos, pero, son tan similares al priismo y al panismo.<\/p>\n<p>No se pod\u00eda esperar m\u00e1s de los morenistas de Colima, sobre todo, cuando se dise\u00f1aron elecciones internas sin reglas, sin mecanismos de supervisi\u00f3n, sin reglas de operaci\u00f3n, sin sistemas de evaluaci\u00f3n, sin vigilancia de militantes decentes, con mapaches y chicanadas de \u201cquienes dicen, que van a transformar el Pa\u00eds\u201d.<\/p>\n<p>Hoy los esc\u00e1ndalos antidemocr\u00e1ticos no s\u00f3lo son en el estado, sino, en todo el Pa\u00eds.<\/p>\n<p>\u201cLos simios de <strong>MORENA<\/strong>\u201d en Colima ya mostraron sus dientes y sus garras, su incultura pol\u00edtica, sus tr\u00e1palas, enga\u00f1ifas, a\u00f1agazas, fuller\u00edas, chicanas, artima\u00f1as, tropel\u00edas y violencia, reventando, su propia elecci\u00f3n interna, esto, lo dice todo.<\/p>\n<p>El partido pol\u00edtico del <strong><em>Ganso cristiano<\/em><\/strong> enfrent\u00f3 hermanos contra hermanos, se encontraron los l\u00edderes de muchas tribus de simios, dej\u00e1ndonos ver, el odio y el rencor, enfrentados por el poder sin darse cuenta que ya est\u00e1n inmersos en la violencia y la corrupci\u00f3n.<\/p>\n<p>En fin, nada nuevo bajo el sol, son los mismos de siempre.<\/p>\n<p>Francamente vergonzoso el espect\u00e1culo presenciado el domingo pasado bajo el r\u00e9gimen de la <strong>4T<\/strong><strong>, <\/strong>donde se sigue mirando al pasado como el pan nuestro de cada d\u00eda.<\/p>\n<p>Asambleas mal organizadas y, sin condiciones para su realizaci\u00f3n.<\/p>\n<p>Aflor\u00f3 el caos, los reclamos, los empujones, los pleitos, los cochupos, la violencia, los golpes, las irregularidades, el robo de urnas y, la confrontaci\u00f3n entre militantes de <strong>MORENA.<\/strong><\/p>\n<p>Todos, todos ech\u00e1ndose la culpa, se\u00f1al\u00e1ndose con rencor como rateros y sinverg\u00fcenzas, como acarreadores de borregos, de la compra de votos, denuncias y reclamos, igualitos al <strong>PRI<\/strong> y al <strong>PAN.<\/strong><\/p>\n<p>La ret\u00f3rica de la postverdad de los supuestos l\u00edderes de aldea no tiene desperdicio.<\/p>\n<p>Ah\u00ed est\u00e1 el lenguarico, insufrible y corrupto diputadillo local <strong>Vladimir Parra,<\/strong> <strong>Indira Vizca\u00edno Silva, <\/strong>mujer pol\u00edtica hoy en el desprestigio y, descalificada pol\u00edtica y socialmente, lo peor, envuelta en serios problemas de corrupci\u00f3n y, por si fuera poco, en la trifulca aparece el vapuleado presidente estatal de <strong>MORENA<\/strong> <strong>Sergio Jim\u00e9nez Bojado<\/strong> quien ha estado al nivel del bet\u00fan.<\/p>\n<p>En estos tres, la mentira, es uno de sus cimientos. En ellos, pululan los mismos objetivos: El poder.<\/p>\n<p>Ellos, siembran la duda y la confusi\u00f3n. Bien sazonadas con una dosis de enga\u00f1os, y promesas, creando, un escenario tan oscuro y perverso que tiene \u201csus propios datos\u201d.<\/p>\n<p>Hoy, el futuro inmediato de <strong>MORENA<\/strong> en Colima es apocal\u00edptico, \u00e1rido, ca\u00f3tico, violento, tr\u00e1gico, desordenado y, muy dif\u00edcil, las escenas vistas del pasado domingo, j\u00farelo usted, se volver\u00e1n a repetir ya que el panorama pol\u00edtico de la <strong>4T<\/strong> es des\u00e9rtico.<\/p>\n<p>Yo s\u00e9 que esta columna suena apocal\u00edptica y lo es.<\/p>\n<p>A <strong>MORENA<\/strong> en Colima el aroma del poder ya lo trae mareado y, sus ambiciones, para lo que viene en el <strong>2021<\/strong>, van permeado en su militancia, ya que, su dirigencia estatal no cuenta con la capacidad pol\u00edtica para educar o adiestrar pol\u00edticamente a varios de sus simios que solo buscan, destruir y no construir.<\/p>\n<p>De incrementarse la tensi\u00f3n pol\u00edtica, las tribus de simios de <strong>MORENA <\/strong>en el estado se colocar\u00e1n en una terrible disyuntiva: radicalizar su postura y echar mano a sus fierros como queriendo pelear para que impere su cerraz\u00f3n y, as\u00ed, derrotar al simio hermano.<\/p>\n<p>Ese estadio supondr\u00eda m\u00e1s peligros que riesgos.<\/p>\n<p>Partidos como hoy lo est\u00e1n los simios de <strong>MORENA<\/strong>, gru\u00f1endo llevan ya al despe\u00f1adero a la fr\u00e1gil democracia, sobre todo, cuando se tienen enconadas posturas y, agotadas las opciones, situaci\u00f3n, que los remite a la tensi\u00f3n dominante de estos \u00faltimos d\u00edas convirtiendo la oportunidad pol\u00edtica, en una verdadera calamidad.<\/p>\n<p>Si los simios insisten en jugar a las vencidas, donde el premio es la debacle, no habr\u00e1 competencia, sino incompetencia.<\/p>\n<p>Ah\u00ed se ven.<\/p>\n<p><strong>ENLACITOS<\/strong><\/p>\n<p><strong>Otra estupidez: <\/strong>La del<strong> Chaleco M\u00edado <\/strong>dice, jura y per-jura que los micro-medidores de agua que quiere instalar <strong>CAPDAM<\/strong> en sus domicilios no se cobrar\u00e1n, peeeero que creen, en letras chiquitas la tal <strong>Griselda Mart\u00ednez<\/strong> se puso el antifaz diciendo: \u201cLos usuarios deber\u00e1n cubrir (pagar\u00e1n) 400 pesos en m\u00f3dicas mensualidades que se cargar\u00e1n en sus respectivos recibos\u201d.<\/p>\n<p>Ah que do\u00f1a <strong>Griselda Mart\u00ednez<\/strong> nunca se le va a quitar lo sinverg\u00fcenza y ma\u00f1osa.<\/p>\n<p><strong>&lt;&lt;&lt;&gt;&gt;&gt;\u00a0<\/strong><\/p>\n<p><strong>Desde Europa con amor: <\/strong>Este lunes pasado y despu\u00e9s de 15 d\u00edas de ausencia regres\u00f3 a Colima el Gobernador <strong>Jos\u00e9 Ignacio Peralta S\u00e1nchez<\/strong>, quien, por cierto, anduvo promocionando en el Viejo Mundo su receta secreta: \u201cCeviche de at\u00fan\u201d.<\/p>\n<p>Seg\u00fan se sabe, la indiscreci\u00f3n de algunos funcionarios de la delegaci\u00f3n de Turismo de Manzanillo, en la muestra culinaria-cevichera en las Europas, <strong>Nachito Peralta<\/strong> llev\u00f3 como ayudantes de cocina a sus amiguis dominicanos.<\/p>\n<p>\u00bfSer\u00e1 verdad?<\/p>\n<p>Estoy en: <strong>ipuntocom.mx \u2013 elobservadornoticias.com \u2013 pantallazo.com<\/strong><\/p>\n","protected":false},"excerpt":{"rendered":"<p>\u201cTodos los hombres nacen en la igualdad, pero no saben permanecer mucho tiempo en ella\u201d Montaigne, Javier Montes Camarena *Locutor y Periodista &lt;&gt; www.enlacemanzanillo.com D\u00e9jenme decirles que: La desilusi\u00f3n lleg\u00f3 y pronto. Una violencia m\u00e1s ocurrida en la elecci\u00f3n de delegados del partido pol\u00edtico del gobierno de la 4T, quienes se precian de ser distintos,&#8230;<\/p>\n","protected":false},"author":2,"featured_media":4143,"comment_status":"open","ping_status":"open","sticky":false,"template":"","format":"standard","meta":{"footnotes":""},"categories":[11],"tags":[29,30,28],"class_list":["post-7797","post","type-post","status-publish","format-standard","has-post-thumbnail","hentry","category-opinion","tag-grid","tag-news","tag-slider"],"_links":{"self":[{"href":"http:\/\/elobservatorio.com.mx\/index.php?rest_route=\/wp\/v2\/posts\/7797"}],"collection":[{"href":"http:\/\/elobservatorio.com.mx\/index.php?rest_route=\/wp\/v2\/posts"}],"about":[{"href":"http:\/\/elobservatorio.com.mx\/index.php?rest_route=\/wp\/v2\/types\/post"}],"author":[{"embeddable":true,"href":"http:\/\/elobservatorio.com.mx\/index.php?rest_route=\/wp\/v2\/users\/2"}],"replies":[{"embeddable":true,"href":"http:\/\/elobservatorio.com.mx\/index.php?rest_route=%2Fwp%2Fv2%2Fcomments&post=7797"}],"version-history":[{"count":0,"href":"http:\/\/elobservatorio.com.mx\/index.php?rest_route=\/wp\/v2\/posts\/7797\/revisions"}],"wp:featuredmedia":[{"embeddable":true,"href":"http:\/\/elobservatorio.com.mx\/index.php?rest_route=\/wp\/v2\/media\/4143"}],"wp:attachment":[{"href":"http:\/\/elobservatorio.com.mx\/index.php?rest_route=%2Fwp%2Fv2%2Fmedia&parent=7797"}],"wp:term":[{"taxonomy":"category","embeddable":true,"href":"http:\/\/elobservatorio.com.mx\/index.php?rest_route=%2Fwp%2Fv2%2Fcategories&post=7797"},{"taxonomy":"post_tag","embeddable":true,"href":"http:\/\/elobservatorio.com.mx\/index.php?rest_route=%2Fwp%2Fv2%2Ftags&post=7797"}],"curies":[{"name":"wp","href":"https:\/\/api.w.org\/{rel}","templated":true}]}}