{"id":782,"date":"2018-11-29T03:29:16","date_gmt":"2018-11-29T03:29:16","guid":{"rendered":"http:\/\/elobservatorio.com.mx\/chabelo-dice-que-va-%e2%80%98a-comer-tacos-de-caca%e2%80%99-en-navidad"},"modified":"2018-11-29T03:29:16","modified_gmt":"2018-11-29T03:29:16","slug":"chabelo-dice-que-va-%e2%80%98a-comer-tacos-de-caca%e2%80%99-en-navidad","status":"publish","type":"post","link":"http:\/\/elobservatorio.com.mx\/?p=782","title":{"rendered":"Chabelo dice que va \u2018a comer tacos de caca\u2019 en Navidad"},"content":{"rendered":"<p class=\"summary-text\"><em>*Todo transcurr\u00eda de maravilla durante una entrevista, hasta que la periodista cuestion\u00f3 al actor sobre la Navidad<\/em><\/p>\n<p><b>Ciudad de M\u00e9xico.-<\/b>\u00a0Xavier L\u00f3pez \u2018Chabelo\u2019, el amigo de todos los ni\u00f1os\u2019 dio una entrevista para platicar sobre su proyecto La Villa de Santa, que tiene 10 a\u00f1os en el mercado y que pronto presentar\u00e1 en Los \u00c1ngeles.<\/p>\n<p>Todo transcurr\u00eda de maravilla durante la entrevista, hasta que la periodista de Un Nuevo D\u00eda cuestion\u00f3 al actor sobre las fiestas navide\u00f1as y su trabajo en televisi\u00f3n para los ni\u00f1os:<\/p>\n<p>\u00abSe\u00f1or, cuantos a\u00f1os ya, trabajando para ni\u00f1os\u00bb a lo que Chabelo contest\u00f3 con un tono molesto \u00abque le importa\u00bb.<\/p>\n<p>Acto seguido y con un poco de nervios Karina contest\u00f3: \u00ab\u00a1Qu\u00e9 grosero!, pero acerca de la Navidad, usted hace el pavo, usted cocina, la verdad quiero saber muchas cosas de usted\u00bb.<\/p>\n<p>Chabelo, a\u00fan m\u00e1s molesto ante las preguntas de la reportera dijo: \u00abQu\u00e9 le importa, usted es muy preguntona se\u00f1orita, pues en Navidad comer\u00e9 unos taquitos de caca\u00bb, finaliz\u00f3.<\/p>\n<p><em>Por Agencias<\/em><\/p>\n","protected":false},"excerpt":{"rendered":"<p>*Todo transcurr\u00eda de maravilla durante una entrevista, hasta que la periodista cuestion\u00f3 al actor sobre la Navidad Ciudad de M\u00e9xico.-\u00a0Xavier L\u00f3pez \u2018Chabelo\u2019, el amigo de todos los ni\u00f1os\u2019 dio una entrevista para platicar sobre su proyecto La Villa de Santa, que tiene 10 a\u00f1os en el mercado y que pronto presentar\u00e1 en Los \u00c1ngeles. Todo&#8230;<\/p>\n","protected":false},"author":2,"featured_media":783,"comment_status":"open","ping_status":"open","sticky":false,"template":"","format":"standard","meta":{"footnotes":""},"categories":[32],"tags":[29,30,28],"class_list":["post-782","post","type-post","status-publish","format-standard","has-post-thumbnail","hentry","category-escenario","tag-grid","tag-news","tag-slider"],"_links":{"self":[{"href":"http:\/\/elobservatorio.com.mx\/index.php?rest_route=\/wp\/v2\/posts\/782"}],"collection":[{"href":"http:\/\/elobservatorio.com.mx\/index.php?rest_route=\/wp\/v2\/posts"}],"about":[{"href":"http:\/\/elobservatorio.com.mx\/index.php?rest_route=\/wp\/v2\/types\/post"}],"author":[{"embeddable":true,"href":"http:\/\/elobservatorio.com.mx\/index.php?rest_route=\/wp\/v2\/users\/2"}],"replies":[{"embeddable":true,"href":"http:\/\/elobservatorio.com.mx\/index.php?rest_route=%2Fwp%2Fv2%2Fcomments&post=782"}],"version-history":[{"count":0,"href":"http:\/\/elobservatorio.com.mx\/index.php?rest_route=\/wp\/v2\/posts\/782\/revisions"}],"wp:featuredmedia":[{"embeddable":true,"href":"http:\/\/elobservatorio.com.mx\/index.php?rest_route=\/wp\/v2\/media\/783"}],"wp:attachment":[{"href":"http:\/\/elobservatorio.com.mx\/index.php?rest_route=%2Fwp%2Fv2%2Fmedia&parent=782"}],"wp:term":[{"taxonomy":"category","embeddable":true,"href":"http:\/\/elobservatorio.com.mx\/index.php?rest_route=%2Fwp%2Fv2%2Fcategories&post=782"},{"taxonomy":"post_tag","embeddable":true,"href":"http:\/\/elobservatorio.com.mx\/index.php?rest_route=%2Fwp%2Fv2%2Ftags&post=782"}],"curies":[{"name":"wp","href":"https:\/\/api.w.org\/{rel}","templated":true}]}}